{"id":1719,"date":"2016-12-20T17:00:27","date_gmt":"2016-12-20T15:00:27","guid":{"rendered":"http:\/\/www.bielefelder-baeume.de\/?p=1719"},"modified":"2016-12-20T17:04:08","modified_gmt":"2016-12-20T15:04:08","slug":"eiche-von-schweicheln","status":"publish","type":"post","link":"https:\/\/www.bielefelder-baeume.de\/?p=1719","title":{"rendered":"Eiche von Schweicheln"},"content":{"rendered":"<p><img loading=\"lazy\" class=\"alignnone size-medium wp-image-1720\" src=\"http:\/\/www.bielefelder-baeume.de\/wp-content\/uploads\/2016\/12\/Eiche-Schweicheln_01-300x212.jpg\" alt=\"Sa. 27. August 2016, Eiche von Hiddenhausen-Schweicheln\" width=\"300\" height=\"212\" srcset=\"https:\/\/www.bielefelder-baeume.de\/wp-content\/uploads\/2016\/12\/Eiche-Schweicheln_01-300x212.jpg 300w, https:\/\/www.bielefelder-baeume.de\/wp-content\/uploads\/2016\/12\/Eiche-Schweicheln_01-130x92.jpg 130w, https:\/\/www.bielefelder-baeume.de\/wp-content\/uploads\/2016\/12\/Eiche-Schweicheln_01-768x543.jpg 768w, https:\/\/www.bielefelder-baeume.de\/wp-content\/uploads\/2016\/12\/Eiche-Schweicheln_01-640x453.jpg 640w, https:\/\/www.bielefelder-baeume.de\/wp-content\/uploads\/2016\/12\/Eiche-Schweicheln_01.jpg 800w\" sizes=\"(max-width: 300px) 100vw, 300px\" \/><\/p>\n<p><strong>Ort:<\/strong> Hiddenhausen-Schweicheln, Falkendieker Stra\u00dfe, n\u00f6rdlich der Stra\u00dfe in der Werre-Aue (nicht zug\u00e4nglich)<br \/>\n<strong>Baumart:<\/strong> <a href=\"https:\/\/de.wikipedia.org\/wiki\/Stieleiche\">Stieleiche (Quercus robur)<\/a><br \/>\n<strong>Zeit:<\/strong> August 2016<br \/>\n<strong>Fotos:<\/strong> <a href=\"http:\/\/www.klaudiakretschmer.de\">Klaudia Kretschmer<\/a><!--more--><\/p>\n<p><img loading=\"lazy\" class=\"alignnone size-medium wp-image-1721\" src=\"http:\/\/www.bielefelder-baeume.de\/wp-content\/uploads\/2016\/12\/Eiche-Schweicheln_02-300x160.jpg\" alt=\"Sa. 27. August 2016, Eiche von Hiddenhausen-Schweicheln\" width=\"300\" height=\"160\" srcset=\"https:\/\/www.bielefelder-baeume.de\/wp-content\/uploads\/2016\/12\/Eiche-Schweicheln_02-300x160.jpg 300w, https:\/\/www.bielefelder-baeume.de\/wp-content\/uploads\/2016\/12\/Eiche-Schweicheln_02-130x69.jpg 130w, https:\/\/www.bielefelder-baeume.de\/wp-content\/uploads\/2016\/12\/Eiche-Schweicheln_02-768x410.jpg 768w, https:\/\/www.bielefelder-baeume.de\/wp-content\/uploads\/2016\/12\/Eiche-Schweicheln_02-640x342.jpg 640w, https:\/\/www.bielefelder-baeume.de\/wp-content\/uploads\/2016\/12\/Eiche-Schweicheln_02.jpg 800w\" sizes=\"(max-width: 300px) 100vw, 300px\" \/><\/p>\n","protected":false},"excerpt":{"rendered":"<p>Ort: Hiddenhausen-Schweicheln, Falkendieker Stra\u00dfe, n\u00f6rdlich der Stra\u00dfe in der Werre-Aue (nicht zug\u00e4nglich) Baumart: Stieleiche (Quercus robur) Zeit: August 2016 Fotos: Klaudia Kretschmer<\/p>\n","protected":false},"author":2,"featured_media":0,"comment_status":"open","ping_status":"open","sticky":false,"template":"","format":"standard","meta":[],"categories":[1],"tags":[47],"_links":{"self":[{"href":"https:\/\/www.bielefelder-baeume.de\/index.php?rest_route=\/wp\/v2\/posts\/1719"}],"collection":[{"href":"https:\/\/www.bielefelder-baeume.de\/index.php?rest_route=\/wp\/v2\/posts"}],"about":[{"href":"https:\/\/www.bielefelder-baeume.de\/index.php?rest_route=\/wp\/v2\/types\/post"}],"author":[{"embeddable":true,"href":"https:\/\/www.bielefelder-baeume.de\/index.php?rest_route=\/wp\/v2\/users\/2"}],"replies":[{"embeddable":true,"href":"https:\/\/www.bielefelder-baeume.de\/index.php?rest_route=%2Fwp%2Fv2%2Fcomments&post=1719"}],"version-history":[{"count":3,"href":"https:\/\/www.bielefelder-baeume.de\/index.php?rest_route=\/wp\/v2\/posts\/1719\/revisions"}],"predecessor-version":[{"id":1724,"href":"https:\/\/www.bielefelder-baeume.de\/index.php?rest_route=\/wp\/v2\/posts\/1719\/revisions\/1724"}],"wp:attachment":[{"href":"https:\/\/www.bielefelder-baeume.de\/index.php?rest_route=%2Fwp%2Fv2%2Fmedia&parent=1719"}],"wp:term":[{"taxonomy":"category","embeddable":true,"href":"https:\/\/www.bielefelder-baeume.de\/index.php?rest_route=%2Fwp%2Fv2%2Fcategories&post=1719"},{"taxonomy":"post_tag","embeddable":true,"href":"https:\/\/www.bielefelder-baeume.de\/index.php?rest_route=%2Fwp%2Fv2%2Ftags&post=1719"}],"curies":[{"name":"wp","href":"https:\/\/api.w.org\/{rel}","templated":true}]}}