{"id":1731,"date":"2017-05-03T14:36:26","date_gmt":"2017-05-03T12:36:26","guid":{"rendered":"http:\/\/www.bielefelder-baeume.de\/?p=1731"},"modified":"2017-05-03T15:22:31","modified_gmt":"2017-05-03T13:22:31","slug":"pappelallee-bei-guetersloh-blankenhagen","status":"publish","type":"post","link":"https:\/\/www.bielefelder-baeume.de\/?p=1731","title":{"rendered":"Pappelallee bei G\u00fctersloh-Blankenhagen"},"content":{"rendered":"<div id=\"attachment_1732\" style=\"width: 310px\" class=\"wp-caption alignnone\"><img aria-describedby=\"caption-attachment-1732\" loading=\"lazy\" class=\"size-medium wp-image-1732\" src=\"http:\/\/www.bielefelder-baeume.de\/wp-content\/uploads\/2017\/05\/GT_Pappelallee_quer_07-300x212.jpg\" alt=\"Pappelallee bei G\u00fctersloh-Blankenhagen (Foto: Kretschmer)\" width=\"300\" height=\"212\" srcset=\"https:\/\/www.bielefelder-baeume.de\/wp-content\/uploads\/2017\/05\/GT_Pappelallee_quer_07-300x212.jpg 300w, https:\/\/www.bielefelder-baeume.de\/wp-content\/uploads\/2017\/05\/GT_Pappelallee_quer_07-130x92.jpg 130w, https:\/\/www.bielefelder-baeume.de\/wp-content\/uploads\/2017\/05\/GT_Pappelallee_quer_07-768x543.jpg 768w, https:\/\/www.bielefelder-baeume.de\/wp-content\/uploads\/2017\/05\/GT_Pappelallee_quer_07-640x452.jpg 640w, https:\/\/www.bielefelder-baeume.de\/wp-content\/uploads\/2017\/05\/GT_Pappelallee_quer_07.jpg 945w\" sizes=\"(max-width: 300px) 100vw, 300px\" \/><p id=\"caption-attachment-1732\" class=\"wp-caption-text\">Pappelallee bei G\u00fctersloh-Blankenhagen (Foto: Kretschmer)<\/p><\/div>\n<p><strong>Ort:<\/strong> G\u00fctersloh-Blankenhagen, von der Brockh\u00e4ger Stra\u00dfe ab<br \/>\n<strong>Baumart:<\/strong> Pappeln<br \/>\n<strong>Zeit:<\/strong> August 2016<br \/>\n<strong>Fotos:<\/strong> <a href=\"http:\/\/www.klaudiakretschmer.de\">Klaudia Kretschmer<\/a><!--more--><\/p>\n<p><img loading=\"lazy\" class=\"alignnone size-medium wp-image-1736\" src=\"http:\/\/www.bielefelder-baeume.de\/wp-content\/uploads\/2017\/05\/GT_Pappelallee_quer-4-300x212.jpg\" alt=\"GT_Pappelallee_quer-4\" width=\"300\" height=\"212\" srcset=\"https:\/\/www.bielefelder-baeume.de\/wp-content\/uploads\/2017\/05\/GT_Pappelallee_quer-4-300x212.jpg 300w, https:\/\/www.bielefelder-baeume.de\/wp-content\/uploads\/2017\/05\/GT_Pappelallee_quer-4-130x92.jpg 130w, https:\/\/www.bielefelder-baeume.de\/wp-content\/uploads\/2017\/05\/GT_Pappelallee_quer-4-768x543.jpg 768w, https:\/\/www.bielefelder-baeume.de\/wp-content\/uploads\/2017\/05\/GT_Pappelallee_quer-4-640x452.jpg 640w, https:\/\/www.bielefelder-baeume.de\/wp-content\/uploads\/2017\/05\/GT_Pappelallee_quer-4.jpg 945w\" sizes=\"(max-width: 300px) 100vw, 300px\" \/><\/p>\n<p>Die Pappelallee zweigt von der Brockh\u00e4ger Stra\u00dfe nach Westen ab und verl\u00e4uft parallel zur Lutter. Bei manchen Lichtverh\u00e4ltnissen erscheinen die Pappeln wie die S\u00e4ulen eines gotischen Domes.<\/p>\n","protected":false},"excerpt":{"rendered":"<p>Ort: G\u00fctersloh-Blankenhagen, von der Brockh\u00e4ger Stra\u00dfe ab Baumart: Pappeln Zeit: August 2016 Fotos: Klaudia Kretschmer<\/p>\n","protected":false},"author":2,"featured_media":0,"comment_status":"open","ping_status":"open","sticky":false,"template":"","format":"standard","meta":[],"categories":[1],"tags":[],"_links":{"self":[{"href":"https:\/\/www.bielefelder-baeume.de\/index.php?rest_route=\/wp\/v2\/posts\/1731"}],"collection":[{"href":"https:\/\/www.bielefelder-baeume.de\/index.php?rest_route=\/wp\/v2\/posts"}],"about":[{"href":"https:\/\/www.bielefelder-baeume.de\/index.php?rest_route=\/wp\/v2\/types\/post"}],"author":[{"embeddable":true,"href":"https:\/\/www.bielefelder-baeume.de\/index.php?rest_route=\/wp\/v2\/users\/2"}],"replies":[{"embeddable":true,"href":"https:\/\/www.bielefelder-baeume.de\/index.php?rest_route=%2Fwp%2Fv2%2Fcomments&post=1731"}],"version-history":[{"count":3,"href":"https:\/\/www.bielefelder-baeume.de\/index.php?rest_route=\/wp\/v2\/posts\/1731\/revisions"}],"predecessor-version":[{"id":1739,"href":"https:\/\/www.bielefelder-baeume.de\/index.php?rest_route=\/wp\/v2\/posts\/1731\/revisions\/1739"}],"wp:attachment":[{"href":"https:\/\/www.bielefelder-baeume.de\/index.php?rest_route=%2Fwp%2Fv2%2Fmedia&parent=1731"}],"wp:term":[{"taxonomy":"category","embeddable":true,"href":"https:\/\/www.bielefelder-baeume.de\/index.php?rest_route=%2Fwp%2Fv2%2Fcategories&post=1731"},{"taxonomy":"post_tag","embeddable":true,"href":"https:\/\/www.bielefelder-baeume.de\/index.php?rest_route=%2Fwp%2Fv2%2Ftags&post=1731"}],"curies":[{"name":"wp","href":"https:\/\/api.w.org\/{rel}","templated":true}]}}