{"id":1748,"date":"2017-06-24T12:49:55","date_gmt":"2017-06-24T10:49:55","guid":{"rendered":"http:\/\/www.bielefelder-baeume.de\/?p=1748"},"modified":"2017-06-24T13:12:39","modified_gmt":"2017-06-24T11:12:39","slug":"eiche-renteistrasse-gefaehrdet","status":"publish","type":"post","link":"https:\/\/www.bielefelder-baeume.de\/?p=1748","title":{"rendered":"Eiche Renteistra\u00dfe (GEF\u00c4HRDET!)"},"content":{"rendered":"<p><a href=\"http:\/\/www.bielefelder-baeume.de\/wp-content\/uploads\/2017\/06\/Renteistr-Eiche-2017-0623_Waeschle800.jpg\" rel=\"attachment wp-att-1749\"><img loading=\"lazy\" class=\"alignnone size-medium wp-image-1749\" src=\"http:\/\/www.bielefelder-baeume.de\/wp-content\/uploads\/2017\/06\/Renteistr-Eiche-2017-0623_Waeschle800-300x225.jpg\" alt=\"Renteistr-Eiche-2017-0623_Waeschle800\" width=\"300\" height=\"225\" srcset=\"https:\/\/www.bielefelder-baeume.de\/wp-content\/uploads\/2017\/06\/Renteistr-Eiche-2017-0623_Waeschle800-300x225.jpg 300w, https:\/\/www.bielefelder-baeume.de\/wp-content\/uploads\/2017\/06\/Renteistr-Eiche-2017-0623_Waeschle800-130x98.jpg 130w, https:\/\/www.bielefelder-baeume.de\/wp-content\/uploads\/2017\/06\/Renteistr-Eiche-2017-0623_Waeschle800-768x576.jpg 768w, https:\/\/www.bielefelder-baeume.de\/wp-content\/uploads\/2017\/06\/Renteistr-Eiche-2017-0623_Waeschle800-640x480.jpg 640w, https:\/\/www.bielefelder-baeume.de\/wp-content\/uploads\/2017\/06\/Renteistr-Eiche-2017-0623_Waeschle800.jpg 800w\" sizes=\"(max-width: 300px) 100vw, 300px\" \/><\/a><\/p>\n<p><strong>Ort:<\/strong> Renteistra\u00dfe Ecke Altst\u00e4dter Kirchstra\u00dfe<br \/>\n<strong>Baumart:<\/strong> Eiche (vermutlich Stiel-Eiche)<br \/>\n<strong>Zeit:<\/strong> Juni 2017<br \/>\n<strong>Fotos:<\/strong> Gisela W\u00e4schle<\/p>\n<p>Die Eiche ist durch die Baustelle einer Tiefgarage gef\u00e4hrdet. Dazu erschienen zwei Artikel in der Neuen Westf\u00e4lischen.<!--more--><\/p>\n<p><a href=\"http:\/\/www.bielefelder-baeume.de\/wp-content\/uploads\/2017\/06\/Renteistr-Baustelle-2017-0623_Waeschle800.jpg\" rel=\"attachment wp-att-1752\"><img loading=\"lazy\" class=\"alignnone size-medium wp-image-1752\" src=\"http:\/\/www.bielefelder-baeume.de\/wp-content\/uploads\/2017\/06\/Renteistr-Baustelle-2017-0623_Waeschle800-300x400.jpg\" alt=\"Renteistr-Baustelle-2017-0623_Waeschle800\" width=\"300\" height=\"400\" srcset=\"https:\/\/www.bielefelder-baeume.de\/wp-content\/uploads\/2017\/06\/Renteistr-Baustelle-2017-0623_Waeschle800-300x400.jpg 300w, https:\/\/www.bielefelder-baeume.de\/wp-content\/uploads\/2017\/06\/Renteistr-Baustelle-2017-0623_Waeschle800-130x173.jpg 130w, https:\/\/www.bielefelder-baeume.de\/wp-content\/uploads\/2017\/06\/Renteistr-Baustelle-2017-0623_Waeschle800.jpg 600w\" sizes=\"(max-width: 300px) 100vw, 300px\" \/><\/a><\/p>\n<p><a href=\"http:\/\/www.bielefelder-baeume.de\/wp-content\/uploads\/2017\/06\/Eiche-Renteistrasse_NW2017-0620.jpg\" rel=\"attachment wp-att-1751\"><img loading=\"lazy\" class=\"alignnone size-medium wp-image-1751\" src=\"http:\/\/www.bielefelder-baeume.de\/wp-content\/uploads\/2017\/06\/Eiche-Renteistrasse_NW2017-0620-300x458.jpg\" alt=\"Eiche-Renteistrasse_NW2017-0620\" width=\"300\" height=\"458\" srcset=\"https:\/\/www.bielefelder-baeume.de\/wp-content\/uploads\/2017\/06\/Eiche-Renteistrasse_NW2017-0620-300x458.jpg 300w, https:\/\/www.bielefelder-baeume.de\/wp-content\/uploads\/2017\/06\/Eiche-Renteistrasse_NW2017-0620-130x198.jpg 130w, https:\/\/www.bielefelder-baeume.de\/wp-content\/uploads\/2017\/06\/Eiche-Renteistrasse_NW2017-0620-768x1172.jpg 768w, https:\/\/www.bielefelder-baeume.de\/wp-content\/uploads\/2017\/06\/Eiche-Renteistrasse_NW2017-0620-640x977.jpg 640w, https:\/\/www.bielefelder-baeume.de\/wp-content\/uploads\/2017\/06\/Eiche-Renteistrasse_NW2017-0620.jpg 863w\" sizes=\"(max-width: 300px) 100vw, 300px\" \/><\/a><\/p>\n<p><a href=\"http:\/\/www.bielefelder-baeume.de\/wp-content\/uploads\/2017\/06\/Eiche-Renteistrasse-NW2017-0623.jpg\" rel=\"attachment wp-att-1750\"><img loading=\"lazy\" class=\"alignnone size-medium wp-image-1750\" src=\"http:\/\/www.bielefelder-baeume.de\/wp-content\/uploads\/2017\/06\/Eiche-Renteistrasse-NW2017-0623-300x122.jpg\" alt=\"Eiche Renteistrasse-NW2017-0623\" width=\"300\" height=\"122\" srcset=\"https:\/\/www.bielefelder-baeume.de\/wp-content\/uploads\/2017\/06\/Eiche-Renteistrasse-NW2017-0623-300x122.jpg 300w, https:\/\/www.bielefelder-baeume.de\/wp-content\/uploads\/2017\/06\/Eiche-Renteistrasse-NW2017-0623-130x53.jpg 130w, https:\/\/www.bielefelder-baeume.de\/wp-content\/uploads\/2017\/06\/Eiche-Renteistrasse-NW2017-0623-768x313.jpg 768w, https:\/\/www.bielefelder-baeume.de\/wp-content\/uploads\/2017\/06\/Eiche-Renteistrasse-NW2017-0623-640x261.jpg 640w, https:\/\/www.bielefelder-baeume.de\/wp-content\/uploads\/2017\/06\/Eiche-Renteistrasse-NW2017-0623.jpg 863w\" sizes=\"(max-width: 300px) 100vw, 300px\" \/><\/a><\/p>\n","protected":false},"excerpt":{"rendered":"<p>Ort: Renteistra\u00dfe Ecke Altst\u00e4dter Kirchstra\u00dfe Baumart: Eiche (vermutlich Stiel-Eiche) Zeit: Juni 2017 Fotos: Gisela W\u00e4schle Die Eiche ist durch die Baustelle einer Tiefgarage gef\u00e4hrdet. Dazu erschienen zwei Artikel in der Neuen Westf\u00e4lischen.<\/p>\n","protected":false},"author":2,"featured_media":0,"comment_status":"open","ping_status":"open","sticky":false,"template":"","format":"standard","meta":[],"categories":[7],"tags":[47],"_links":{"self":[{"href":"https:\/\/www.bielefelder-baeume.de\/index.php?rest_route=\/wp\/v2\/posts\/1748"}],"collection":[{"href":"https:\/\/www.bielefelder-baeume.de\/index.php?rest_route=\/wp\/v2\/posts"}],"about":[{"href":"https:\/\/www.bielefelder-baeume.de\/index.php?rest_route=\/wp\/v2\/types\/post"}],"author":[{"embeddable":true,"href":"https:\/\/www.bielefelder-baeume.de\/index.php?rest_route=\/wp\/v2\/users\/2"}],"replies":[{"embeddable":true,"href":"https:\/\/www.bielefelder-baeume.de\/index.php?rest_route=%2Fwp%2Fv2%2Fcomments&post=1748"}],"version-history":[{"count":3,"href":"https:\/\/www.bielefelder-baeume.de\/index.php?rest_route=\/wp\/v2\/posts\/1748\/revisions"}],"predecessor-version":[{"id":1760,"href":"https:\/\/www.bielefelder-baeume.de\/index.php?rest_route=\/wp\/v2\/posts\/1748\/revisions\/1760"}],"wp:attachment":[{"href":"https:\/\/www.bielefelder-baeume.de\/index.php?rest_route=%2Fwp%2Fv2%2Fmedia&parent=1748"}],"wp:term":[{"taxonomy":"category","embeddable":true,"href":"https:\/\/www.bielefelder-baeume.de\/index.php?rest_route=%2Fwp%2Fv2%2Fcategories&post=1748"},{"taxonomy":"post_tag","embeddable":true,"href":"https:\/\/www.bielefelder-baeume.de\/index.php?rest_route=%2Fwp%2Fv2%2Ftags&post=1748"}],"curies":[{"name":"wp","href":"https:\/\/api.w.org\/{rel}","templated":true}]}}