{"id":180,"date":"2008-06-17T13:45:50","date_gmt":"2008-06-17T11:45:50","guid":{"rendered":"http:\/\/www.bielefelder-baeume.de\/?p=180"},"modified":"2008-06-17T14:06:04","modified_gmt":"2008-06-17T12:06:04","slug":"gefallte-eichen-an-der-rosenheide","status":"publish","type":"post","link":"https:\/\/www.bielefelder-baeume.de\/?p=180","title":{"rendered":"Gef\u00e4llte Eichen an der Rosenheide"},"content":{"rendered":"<p><a href=\"http:\/\/www.bielefelder-baeume.de\/wp-content\/uploads\/2008\/06\/nw080612.jpg\" title=\"nw080612.jpg\"><img src=\"http:\/\/www.bielefelder-baeume.de\/wp-content\/uploads\/2008\/06\/nw080612.thumbnail.jpg\" alt=\"nw080612.jpg\" \/><\/a><\/p>\n<p>Die Neue Westf\u00e4lische berichtete am 12. Juni 2008 \u00fcber die F\u00e4llung zweier alter Eichen an der Rosenheide in Schildesche.<\/p>\n<p>Foto: Bernd Sch\u00e4ferk\u00f6tter (NW)<\/p>\n","protected":false},"excerpt":{"rendered":"<p>Die Neue Westf\u00e4lische berichtete am 12. Juni 2008 \u00fcber die F\u00e4llung zweier alter Eichen an der Rosenheide in Schildesche. Foto: Bernd Sch\u00e4ferk\u00f6tter (NW)<\/p>\n","protected":false},"author":2,"featured_media":0,"comment_status":"open","ping_status":"open","sticky":false,"template":"","format":"standard","meta":[],"categories":[34],"tags":[],"_links":{"self":[{"href":"https:\/\/www.bielefelder-baeume.de\/index.php?rest_route=\/wp\/v2\/posts\/180"}],"collection":[{"href":"https:\/\/www.bielefelder-baeume.de\/index.php?rest_route=\/wp\/v2\/posts"}],"about":[{"href":"https:\/\/www.bielefelder-baeume.de\/index.php?rest_route=\/wp\/v2\/types\/post"}],"author":[{"embeddable":true,"href":"https:\/\/www.bielefelder-baeume.de\/index.php?rest_route=\/wp\/v2\/users\/2"}],"replies":[{"embeddable":true,"href":"https:\/\/www.bielefelder-baeume.de\/index.php?rest_route=%2Fwp%2Fv2%2Fcomments&post=180"}],"version-history":[{"count":0,"href":"https:\/\/www.bielefelder-baeume.de\/index.php?rest_route=\/wp\/v2\/posts\/180\/revisions"}],"wp:attachment":[{"href":"https:\/\/www.bielefelder-baeume.de\/index.php?rest_route=%2Fwp%2Fv2%2Fmedia&parent=180"}],"wp:term":[{"taxonomy":"category","embeddable":true,"href":"https:\/\/www.bielefelder-baeume.de\/index.php?rest_route=%2Fwp%2Fv2%2Fcategories&post=180"},{"taxonomy":"post_tag","embeddable":true,"href":"https:\/\/www.bielefelder-baeume.de\/index.php?rest_route=%2Fwp%2Fv2%2Ftags&post=180"}],"curies":[{"name":"wp","href":"https:\/\/api.w.org\/{rel}","templated":true}]}}