{"id":183,"date":"2008-06-17T14:24:35","date_gmt":"2008-06-17T12:24:35","guid":{"rendered":"http:\/\/www.bielefelder-baeume.de\/?p=183"},"modified":"2014-08-21T15:22:48","modified_gmt":"2014-08-21T13:22:48","slug":"platane-altstadter-kirchplatz","status":"publish","type":"post","link":"https:\/\/www.bielefelder-baeume.de\/?p=183","title":{"rendered":"Platane, Altst\u00e4dter Kirchplatz (Zwitscherbaum 2014)"},"content":{"rendered":"<p><a href=\"http:\/\/www.bielefelder-baeume.de\/wp-content\/uploads\/2008\/06\/altstadter_kirchpl_platane1.JPG\"><img loading=\"lazy\" class=\"alignnone  wp-image-181\" alt=\"altstadter_kirchpl_platane1.JPG\" src=\"http:\/\/www.bielefelder-baeume.de\/wp-content\/uploads\/2008\/06\/altstadter_kirchpl_platane1.JPG\" width=\"262\" height=\"348\" \/><\/a>\u00a0<a href=\"http:\/\/www.bielefelder-baeume.de\/wp-content\/uploads\/2008\/06\/altstadter_kirchpl_platane2.JPG\"><img loading=\"lazy\" class=\"alignnone  wp-image-182\" alt=\"altstadter_kirchpl_platane2.JPG\" src=\"http:\/\/www.bielefelder-baeume.de\/wp-content\/uploads\/2008\/06\/altstadter_kirchpl_platane2.JPG\" width=\"371\" height=\"275\" \/><\/a><br \/>\n<strong>Ort: <\/strong>Altst\u00e4dter Kirchplatz<br \/>\n<strong>Baumart: <\/strong><a href=\"http:\/\/de.wikipedia.org\/wiki\/Ahornbl%C3%A4ttrige_Platane\">Ahornbl\u00e4ttrige<strong> <\/strong>Platane<\/a><br \/>\n<strong>Foto: <\/strong>Jens J. Korff<br \/>\n<strong>Zeit: <\/strong>Juni 2008<\/p>\n<p>Die von einem Blitzschlag gezeichnete Platane hinter dem Ratscaf\u00e9 ist einer der acht Stars der Aktion <strong>\u201c<a href=\"http:\/\/www.zwitschern-der-baeume.de\">Das Zwitschern der B\u00e4ume<\/a>\u201c<\/strong> \u2013 einem Beitrag des BUND Bielefeld zum Stadtjubil\u00e4um <a href=\"http:\/\/www.bielefeld800.de\">Bielefeld 800<\/a>. Sie wird von M\u00e4rz bis Oktober 2014 Geschichten aus ihrem rund 150-j\u00e4hrigen Leben und damit aus der Bielefelder Stadtgeschichte erz\u00e4hlen \u2013 und zwar ganz modern, via Facebook und Twitter. Bielefelder B\u00e4ume sind auf der H\u00f6he der Zeit!<\/p>\n<p>Was haben Sie denn schon alles auf dem Altst\u00e4dter Kirchplatz erlebt, unter den Augen dieser Platane? Bitte lassen Sie es uns wissen, damit wir n\u00e4chstes Jahr genug interessanten Stoff haben, den die H\u00e4ngebuche bezwitschern und berascheln kann. Oder werden Sie Baumpate! Besuchen Sie die die Platane regelm\u00e4\u00dfig und berichten Sie uns, was sie aktuell gerade treibt. Kontakt: <a href=\"mailto:info@korfftext.de\">korfftext <\/a><\/p>\n","protected":false},"excerpt":{"rendered":"<p>\u00a0 Ort: Altst\u00e4dter Kirchplatz Baumart: Ahornbl\u00e4ttrige Platane Foto: Jens J. Korff Zeit: Juni 2008 Die von einem Blitzschlag gezeichnete Platane hinter dem Ratscaf\u00e9 ist einer der acht Stars der Aktion \u201cDas Zwitschern der B\u00e4ume\u201c \u2013 einem Beitrag des BUND Bielefeld zum Stadtjubil\u00e4um Bielefeld 800. Sie wird von M\u00e4rz bis Oktober 2014 Geschichten aus ihrem rund [&hellip;]<\/p>\n","protected":false},"author":2,"featured_media":0,"comment_status":"open","ping_status":"closed","sticky":false,"template":"","format":"standard","meta":[],"categories":[7],"tags":[59],"_links":{"self":[{"href":"https:\/\/www.bielefelder-baeume.de\/index.php?rest_route=\/wp\/v2\/posts\/183"}],"collection":[{"href":"https:\/\/www.bielefelder-baeume.de\/index.php?rest_route=\/wp\/v2\/posts"}],"about":[{"href":"https:\/\/www.bielefelder-baeume.de\/index.php?rest_route=\/wp\/v2\/types\/post"}],"author":[{"embeddable":true,"href":"https:\/\/www.bielefelder-baeume.de\/index.php?rest_route=\/wp\/v2\/users\/2"}],"replies":[{"embeddable":true,"href":"https:\/\/www.bielefelder-baeume.de\/index.php?rest_route=%2Fwp%2Fv2%2Fcomments&post=183"}],"version-history":[{"count":3,"href":"https:\/\/www.bielefelder-baeume.de\/index.php?rest_route=\/wp\/v2\/posts\/183\/revisions"}],"predecessor-version":[{"id":879,"href":"https:\/\/www.bielefelder-baeume.de\/index.php?rest_route=\/wp\/v2\/posts\/183\/revisions\/879"}],"wp:attachment":[{"href":"https:\/\/www.bielefelder-baeume.de\/index.php?rest_route=%2Fwp%2Fv2%2Fmedia&parent=183"}],"wp:term":[{"taxonomy":"category","embeddable":true,"href":"https:\/\/www.bielefelder-baeume.de\/index.php?rest_route=%2Fwp%2Fv2%2Fcategories&post=183"},{"taxonomy":"post_tag","embeddable":true,"href":"https:\/\/www.bielefelder-baeume.de\/index.php?rest_route=%2Fwp%2Fv2%2Ftags&post=183"}],"curies":[{"name":"wp","href":"https:\/\/api.w.org\/{rel}","templated":true}]}}