{"id":187,"date":"2008-06-17T14:30:10","date_gmt":"2008-06-17T12:30:10","guid":{"rendered":"http:\/\/www.bielefelder-baeume.de\/?p=187"},"modified":"2017-10-11T17:19:51","modified_gmt":"2017-10-11T15:19:51","slug":"kastanie-am-nebelswall","status":"publish","type":"post","link":"https:\/\/www.bielefelder-baeume.de\/?p=187","title":{"rendered":"Kastanien im Kunsthallenpark (eine 2008 gef\u00e4llt!) (Zwitscherbaum 2014)"},"content":{"rendered":"<p><a href=\"http:\/\/www.bielefelder-baeume.de\/wp-content\/uploads\/2008\/06\/Kunsthallenpark1.jpg\"><img loading=\"lazy\" class=\"alignnone size-medium wp-image-882\" src=\"http:\/\/www.bielefelder-baeume.de\/wp-content\/uploads\/2008\/06\/Kunsthallenpark1-300x225.jpg\" alt=\"\" width=\"300\" height=\"225\" srcset=\"https:\/\/www.bielefelder-baeume.de\/wp-content\/uploads\/2008\/06\/Kunsthallenpark1-300x225.jpg 300w, https:\/\/www.bielefelder-baeume.de\/wp-content\/uploads\/2008\/06\/Kunsthallenpark1-130x97.jpg 130w, https:\/\/www.bielefelder-baeume.de\/wp-content\/uploads\/2008\/06\/Kunsthallenpark1-640x480.jpg 640w, https:\/\/www.bielefelder-baeume.de\/wp-content\/uploads\/2008\/06\/Kunsthallenpark1.jpg 2048w\" sizes=\"(max-width: 300px) 100vw, 300px\" \/><\/a>\u00a0 <a title=\"kunsthalle_kastanie.JPG\" href=\"http:\/\/www.bielefelder-baeume.de\/wp-content\/uploads\/2008\/06\/kunsthalle_kastanie.JPG\"><img src=\"http:\/\/www.bielefelder-baeume.de\/wp-content\/uploads\/2008\/06\/kunsthalle_kastanie.thumbnail.JPG\" alt=\"kunsthalle_kastanie.JPG\" \/><\/a> <a title=\"kunsthalle_kastanien1.JPG\" href=\"http:\/\/www.bielefelder-baeume.de\/wp-content\/uploads\/2008\/06\/kunsthalle_kastanien1.JPG\"><img src=\"http:\/\/www.bielefelder-baeume.de\/wp-content\/uploads\/2008\/06\/kunsthalle_kastanien1.thumbnail.JPG\" alt=\"kunsthalle_kastanien1.JPG\" \/><\/a> <a title=\"kunsthalle_kastanien2.JPG\" href=\"http:\/\/www.bielefelder-baeume.de\/wp-content\/uploads\/2008\/06\/kunsthalle_kastanien2.JPG\"><img src=\"http:\/\/www.bielefelder-baeume.de\/wp-content\/uploads\/2008\/06\/kunsthalle_kastanien2.thumbnail.JPG\" alt=\"kunsthalle_kastanien2.JPG\" \/><\/a> <a title=\"Kastanien Kunsthallenpark\" href=\"http:\/\/www.bielefelder-baeume.de\/wp-content\/uploads\/2008\/12\/kunsthallenpark.JPG\"><img src=\"http:\/\/www.bielefelder-baeume.de\/wp-content\/uploads\/2008\/12\/kunsthallenpark.thumbnail.JPG\" alt=\"Kastanien Kunsthallenpark\" \/><\/a><\/p>\n<p><a href=\"http:\/\/www.bielefeld01.de\/fachdaten\/naturdenkmaeler_exp\/MIT-B051\/thumb.html\">Fotos des Umweltamts<\/a><\/p>\n<p><strong>Ort: <\/strong>Kunsthallenpark am Nebelswall<br \/>\n<strong>Baumart:<\/strong> <a href=\"http:\/\/de.wikipedia.org\/wiki\/Rosskastanie\">Rosskastanie<\/a> (gesch\u00fctztes <a href=\"http:\/\/www.bielefeld.de\/de\/un\/nala\/nato\/\" target=\"_blank\">Naturdenkmal<\/a>)<br \/>\n<strong>Fotos:<\/strong> Jens J. Korff, Uli Brenke<br \/>\n<strong>Zeit: <\/strong>Juni 2008, Mai 2014, M\u00e4rz 2017, Oktober 2017<!--more--><\/p>\n<p>Die linke Kastanie auf dem letzten Bild steht seit 2008 nicht mehr. Auf dem Foto kann man erkennen, dass sie sehr sch\u00fctter bebl\u00e4ttert war. Wegen einer Krankheit musste sie gef\u00e4llt werden.<\/p>\n<p>Die verbliebene Kastanie vor dem Ratsgymnasium ist ungew\u00f6hnlich pr\u00e4chtig und einer der acht Stars der Aktion <strong>\u201c<a href=\"http:\/\/www.zwitschern-der-baeume.de\">Das Zwitschern der B\u00e4ume<\/a>\u201c<\/strong> \u2013 einem Beitrag des BUND Bielefeld zum Stadtjubil\u00e4um <a href=\"http:\/\/www.bielefeld800.de\">Bielefeld 800<\/a>. Sie wird von M\u00e4rz bis Oktober 2014 Geschichten aus ihrem rund 215-j\u00e4hrigen Leben und damit aus der Bielefelder Stadtgeschichte erz\u00e4hlen \u2013 und zwar ganz modern, via Facebook und Twitter. Bielefelder B\u00e4ume sind auf der H\u00f6he der Zeit!<\/p>\n<p>Was haben Sie denn schon alles im oder am Ratsgymnasium oder im Kunsthallenpark erlebt, unter den Augen dieser Kastanie? Bitte lassen Sie es uns wissen, damit wir n\u00e4chstes Jahr genug interessanten Stoff haben, den die H\u00e4ngebuche bezwitschern und berascheln kann. Oder werden Sie Baumpate! Besuchen Sie die Kastanie regelm\u00e4\u00dfig und berichten Sie uns, was sie aktuell gerade treibt. Kontakt: <a href=\"mailto:info@korfftext.de\">korfftext <\/a><\/p>\n<p><a href=\"http:\/\/www.bielefelder-baeume.de\/wp-content\/uploads\/2008\/06\/Kuka20140522_162921_Kunsthallenpark_nur-mit-korfftext.jpg\" rel=\"attachment wp-att-1961\"><img loading=\"lazy\" class=\"alignnone size-medium wp-image-1961\" src=\"http:\/\/www.bielefelder-baeume.de\/wp-content\/uploads\/2008\/06\/Kuka20140522_162921_Kunsthallenpark_nur-mit-korfftext-300x180.jpg\" alt=\"Kuka20140522_162921_Kunsthallenpark_nur mit korfftext\" width=\"300\" height=\"180\" srcset=\"https:\/\/www.bielefelder-baeume.de\/wp-content\/uploads\/2008\/06\/Kuka20140522_162921_Kunsthallenpark_nur-mit-korfftext-300x180.jpg 300w, https:\/\/www.bielefelder-baeume.de\/wp-content\/uploads\/2008\/06\/Kuka20140522_162921_Kunsthallenpark_nur-mit-korfftext-130x78.jpg 130w, https:\/\/www.bielefelder-baeume.de\/wp-content\/uploads\/2008\/06\/Kuka20140522_162921_Kunsthallenpark_nur-mit-korfftext-768x462.jpg 768w, https:\/\/www.bielefelder-baeume.de\/wp-content\/uploads\/2008\/06\/Kuka20140522_162921_Kunsthallenpark_nur-mit-korfftext-640x385.jpg 640w, https:\/\/www.bielefelder-baeume.de\/wp-content\/uploads\/2008\/06\/Kuka20140522_162921_Kunsthallenpark_nur-mit-korfftext.jpg 1024w\" sizes=\"(max-width: 300px) 100vw, 300px\" \/><\/a><\/p>\n<p><a href=\"http:\/\/www.bielefelder-baeume.de\/wp-content\/uploads\/2008\/06\/Kuka20140522_162930.jpg\" rel=\"attachment wp-att-1963\"><img loading=\"lazy\" class=\"alignnone size-medium wp-image-1963\" src=\"http:\/\/www.bielefelder-baeume.de\/wp-content\/uploads\/2008\/06\/Kuka20140522_162930-300x180.jpg\" alt=\"Kuka20140522_162930\" width=\"300\" height=\"180\" srcset=\"https:\/\/www.bielefelder-baeume.de\/wp-content\/uploads\/2008\/06\/Kuka20140522_162930-300x180.jpg 300w, https:\/\/www.bielefelder-baeume.de\/wp-content\/uploads\/2008\/06\/Kuka20140522_162930-130x78.jpg 130w, https:\/\/www.bielefelder-baeume.de\/wp-content\/uploads\/2008\/06\/Kuka20140522_162930-768x462.jpg 768w, https:\/\/www.bielefelder-baeume.de\/wp-content\/uploads\/2008\/06\/Kuka20140522_162930-640x385.jpg 640w, https:\/\/www.bielefelder-baeume.de\/wp-content\/uploads\/2008\/06\/Kuka20140522_162930.jpg 1024w\" sizes=\"(max-width: 300px) 100vw, 300px\" \/><\/a><\/p>\n<p><a href=\"http:\/\/www.bielefelder-baeume.de\/wp-content\/uploads\/2008\/06\/Kuka-Maerz1.jpg\" rel=\"attachment wp-att-1964\"><img loading=\"lazy\" class=\"alignnone size-medium wp-image-1964\" src=\"http:\/\/www.bielefelder-baeume.de\/wp-content\/uploads\/2008\/06\/Kuka-Maerz1-300x180.jpg\" alt=\"Kuka-Maerz1\" width=\"300\" height=\"180\" srcset=\"https:\/\/www.bielefelder-baeume.de\/wp-content\/uploads\/2008\/06\/Kuka-Maerz1-300x180.jpg 300w, https:\/\/www.bielefelder-baeume.de\/wp-content\/uploads\/2008\/06\/Kuka-Maerz1-130x78.jpg 130w, https:\/\/www.bielefelder-baeume.de\/wp-content\/uploads\/2008\/06\/Kuka-Maerz1-768x462.jpg 768w, https:\/\/www.bielefelder-baeume.de\/wp-content\/uploads\/2008\/06\/Kuka-Maerz1-640x385.jpg 640w, https:\/\/www.bielefelder-baeume.de\/wp-content\/uploads\/2008\/06\/Kuka-Maerz1.jpg 1024w\" sizes=\"(max-width: 300px) 100vw, 300px\" \/><\/a><\/p>\n<p><a href=\"http:\/\/www.bielefelder-baeume.de\/wp-content\/uploads\/2008\/06\/Kuka-Maerz2.jpg\" rel=\"attachment wp-att-1965\"><img loading=\"lazy\" class=\"alignnone size-medium wp-image-1965\" src=\"http:\/\/www.bielefelder-baeume.de\/wp-content\/uploads\/2008\/06\/Kuka-Maerz2-300x180.jpg\" alt=\"Kuka-Maerz2\" width=\"300\" height=\"180\" srcset=\"https:\/\/www.bielefelder-baeume.de\/wp-content\/uploads\/2008\/06\/Kuka-Maerz2-300x180.jpg 300w, https:\/\/www.bielefelder-baeume.de\/wp-content\/uploads\/2008\/06\/Kuka-Maerz2-130x78.jpg 130w, https:\/\/www.bielefelder-baeume.de\/wp-content\/uploads\/2008\/06\/Kuka-Maerz2-768x462.jpg 768w, https:\/\/www.bielefelder-baeume.de\/wp-content\/uploads\/2008\/06\/Kuka-Maerz2-640x385.jpg 640w, https:\/\/www.bielefelder-baeume.de\/wp-content\/uploads\/2008\/06\/Kuka-Maerz2.jpg 1024w\" sizes=\"(max-width: 300px) 100vw, 300px\" \/><\/a><\/p>\n<p><a href=\"http:\/\/www.bielefelder-baeume.de\/wp-content\/uploads\/2008\/06\/Kuka-Maerz3.jpg\" rel=\"attachment wp-att-1966\"><img loading=\"lazy\" class=\"alignnone size-medium wp-image-1966\" src=\"http:\/\/www.bielefelder-baeume.de\/wp-content\/uploads\/2008\/06\/Kuka-Maerz3-300x180.jpg\" alt=\"Kuka-Maerz3\" width=\"300\" height=\"180\" srcset=\"https:\/\/www.bielefelder-baeume.de\/wp-content\/uploads\/2008\/06\/Kuka-Maerz3-300x180.jpg 300w, https:\/\/www.bielefelder-baeume.de\/wp-content\/uploads\/2008\/06\/Kuka-Maerz3-130x78.jpg 130w, https:\/\/www.bielefelder-baeume.de\/wp-content\/uploads\/2008\/06\/Kuka-Maerz3-768x462.jpg 768w, https:\/\/www.bielefelder-baeume.de\/wp-content\/uploads\/2008\/06\/Kuka-Maerz3-640x385.jpg 640w, https:\/\/www.bielefelder-baeume.de\/wp-content\/uploads\/2008\/06\/Kuka-Maerz3.jpg 1024w\" sizes=\"(max-width: 300px) 100vw, 300px\" \/><\/a><\/p>\n<p><a href=\"http:\/\/www.bielefelder-baeume.de\/wp-content\/uploads\/2008\/06\/Kuka-Maerz4.jpg\" rel=\"attachment wp-att-1967\"><img loading=\"lazy\" class=\"alignnone size-medium wp-image-1967\" src=\"http:\/\/www.bielefelder-baeume.de\/wp-content\/uploads\/2008\/06\/Kuka-Maerz4-300x180.jpg\" alt=\"Kuka-Maerz4\" width=\"300\" height=\"180\" srcset=\"https:\/\/www.bielefelder-baeume.de\/wp-content\/uploads\/2008\/06\/Kuka-Maerz4-300x180.jpg 300w, https:\/\/www.bielefelder-baeume.de\/wp-content\/uploads\/2008\/06\/Kuka-Maerz4-130x78.jpg 130w, https:\/\/www.bielefelder-baeume.de\/wp-content\/uploads\/2008\/06\/Kuka-Maerz4-768x462.jpg 768w, https:\/\/www.bielefelder-baeume.de\/wp-content\/uploads\/2008\/06\/Kuka-Maerz4-640x385.jpg 640w, https:\/\/www.bielefelder-baeume.de\/wp-content\/uploads\/2008\/06\/Kuka-Maerz4.jpg 1024w\" sizes=\"(max-width: 300px) 100vw, 300px\" \/><\/a><\/p>\n<p><a href=\"http:\/\/www.bielefelder-baeume.de\/wp-content\/uploads\/2008\/06\/Kuka-Maerz5.jpg\" rel=\"attachment wp-att-1968\"><img loading=\"lazy\" class=\"alignnone size-medium wp-image-1968\" src=\"http:\/\/www.bielefelder-baeume.de\/wp-content\/uploads\/2008\/06\/Kuka-Maerz5-300x180.jpg\" alt=\"Kuka-Maerz5\" width=\"300\" height=\"180\" srcset=\"https:\/\/www.bielefelder-baeume.de\/wp-content\/uploads\/2008\/06\/Kuka-Maerz5-300x180.jpg 300w, https:\/\/www.bielefelder-baeume.de\/wp-content\/uploads\/2008\/06\/Kuka-Maerz5-130x78.jpg 130w, https:\/\/www.bielefelder-baeume.de\/wp-content\/uploads\/2008\/06\/Kuka-Maerz5-768x462.jpg 768w, https:\/\/www.bielefelder-baeume.de\/wp-content\/uploads\/2008\/06\/Kuka-Maerz5-640x385.jpg 640w, https:\/\/www.bielefelder-baeume.de\/wp-content\/uploads\/2008\/06\/Kuka-Maerz5.jpg 1024w\" sizes=\"(max-width: 300px) 100vw, 300px\" \/><\/a><\/p>\n<p><a href=\"http:\/\/www.bielefelder-baeume.de\/wp-content\/uploads\/2008\/06\/Rosskastanie-N\u00e4he-Kunsthalle.jpg\" rel=\"attachment wp-att-1985\"><img loading=\"lazy\" class=\"alignnone size-medium wp-image-1985\" src=\"http:\/\/www.bielefelder-baeume.de\/wp-content\/uploads\/2008\/06\/Rosskastanie-N\u00e4he-Kunsthalle-300x393.jpg\" alt=\"Rosskastanie N\u00e4he Kunsthalle\" width=\"300\" height=\"393\" srcset=\"https:\/\/www.bielefelder-baeume.de\/wp-content\/uploads\/2008\/06\/Rosskastanie-N\u00e4he-Kunsthalle-300x393.jpg 300w, https:\/\/www.bielefelder-baeume.de\/wp-content\/uploads\/2008\/06\/Rosskastanie-N\u00e4he-Kunsthalle-130x170.jpg 130w, https:\/\/www.bielefelder-baeume.de\/wp-content\/uploads\/2008\/06\/Rosskastanie-N\u00e4he-Kunsthalle-768x1007.jpg 768w, https:\/\/www.bielefelder-baeume.de\/wp-content\/uploads\/2008\/06\/Rosskastanie-N\u00e4he-Kunsthalle-640x839.jpg 640w\" sizes=\"(max-width: 300px) 100vw, 300px\" \/><\/a><\/p>\n","protected":false},"excerpt":{"rendered":"<p>\u00a0 Fotos des Umweltamts Ort: Kunsthallenpark am Nebelswall Baumart: Rosskastanie (gesch\u00fctztes Naturdenkmal) Fotos: Jens J. Korff, Uli Brenke Zeit: Juni 2008, Mai 2014, M\u00e4rz 2017, Oktober 2017<\/p>\n","protected":false},"author":2,"featured_media":0,"comment_status":"open","ping_status":"closed","sticky":false,"template":"","format":"standard","meta":[],"categories":[7],"tags":[50,48],"_links":{"self":[{"href":"https:\/\/www.bielefelder-baeume.de\/index.php?rest_route=\/wp\/v2\/posts\/187"}],"collection":[{"href":"https:\/\/www.bielefelder-baeume.de\/index.php?rest_route=\/wp\/v2\/posts"}],"about":[{"href":"https:\/\/www.bielefelder-baeume.de\/index.php?rest_route=\/wp\/v2\/types\/post"}],"author":[{"embeddable":true,"href":"https:\/\/www.bielefelder-baeume.de\/index.php?rest_route=\/wp\/v2\/users\/2"}],"replies":[{"embeddable":true,"href":"https:\/\/www.bielefelder-baeume.de\/index.php?rest_route=%2Fwp%2Fv2%2Fcomments&post=187"}],"version-history":[{"count":8,"href":"https:\/\/www.bielefelder-baeume.de\/index.php?rest_route=\/wp\/v2\/posts\/187\/revisions"}],"predecessor-version":[{"id":1986,"href":"https:\/\/www.bielefelder-baeume.de\/index.php?rest_route=\/wp\/v2\/posts\/187\/revisions\/1986"}],"wp:attachment":[{"href":"https:\/\/www.bielefelder-baeume.de\/index.php?rest_route=%2Fwp%2Fv2%2Fmedia&parent=187"}],"wp:term":[{"taxonomy":"category","embeddable":true,"href":"https:\/\/www.bielefelder-baeume.de\/index.php?rest_route=%2Fwp%2Fv2%2Fcategories&post=187"},{"taxonomy":"post_tag","embeddable":true,"href":"https:\/\/www.bielefelder-baeume.de\/index.php?rest_route=%2Fwp%2Fv2%2Ftags&post=187"}],"curies":[{"name":"wp","href":"https:\/\/api.w.org\/{rel}","templated":true}]}}