{"id":1894,"date":"2017-07-28T18:08:32","date_gmt":"2017-07-28T16:08:32","guid":{"rendered":"http:\/\/www.bielefelder-baeume.de\/?p=1894"},"modified":"2017-08-30T14:56:12","modified_gmt":"2017-08-30T12:56:12","slug":"blutbuche-kreiensieksheide-gefaehrdet","status":"publish","type":"post","link":"https:\/\/www.bielefelder-baeume.de\/?p=1894","title":{"rendered":"Blutbuche Kreiensieksheide (Gef\u00e4hrdet!)"},"content":{"rendered":"<p><a href=\"http:\/\/www.bielefelder-baeume.de\/wp-content\/uploads\/2017\/07\/IMG_0148.jpg\" rel=\"attachment wp-att-1895\"><img loading=\"lazy\" class=\"alignnone size-medium wp-image-1895\" src=\"http:\/\/www.bielefelder-baeume.de\/wp-content\/uploads\/2017\/07\/IMG_0148-300x400.jpg\" alt=\"IMG_0148\" width=\"300\" height=\"400\" srcset=\"https:\/\/www.bielefelder-baeume.de\/wp-content\/uploads\/2017\/07\/IMG_0148-300x400.jpg 300w, https:\/\/www.bielefelder-baeume.de\/wp-content\/uploads\/2017\/07\/IMG_0148-130x173.jpg 130w, https:\/\/www.bielefelder-baeume.de\/wp-content\/uploads\/2017\/07\/IMG_0148.jpg 768w, https:\/\/www.bielefelder-baeume.de\/wp-content\/uploads\/2017\/07\/IMG_0148-640x853.jpg 640w\" sizes=\"(max-width: 300px) 100vw, 300px\" \/><\/a><\/p>\n<p><strong>Ort:<\/strong> Dornberg, Kreiensieksheide<br \/>\n<strong>Baumart:<\/strong> Blutbuche<br \/>\n<strong>Zeit:<\/strong> Juni 2017<br \/>\n<strong>Fotos:<\/strong> Olaf Kolodzig<\/p>\n<p><!--more--><\/p>\n<p>Leider ist diese sch\u00f6ne Blutbuche in einem Privatgarten durch ein Bauprojekt auf dem Nachbargrundst\u00fcck gef\u00e4hrdet. Sie steht, was bei Blutbuchen h\u00e4ufig verkommt, sehr nah an der Grundst\u00fccksgrenze.<\/p>\n<p><a href=\"http:\/\/www.bielefelder-baeume.de\/wp-content\/uploads\/2017\/07\/IMG_0274.jpg\" rel=\"attachment wp-att-1897\"><img loading=\"lazy\" class=\"alignnone size-medium wp-image-1897\" src=\"http:\/\/www.bielefelder-baeume.de\/wp-content\/uploads\/2017\/07\/IMG_0274-300x364.jpg\" alt=\"IMG_0274\" width=\"300\" height=\"364\" srcset=\"https:\/\/www.bielefelder-baeume.de\/wp-content\/uploads\/2017\/07\/IMG_0274-300x364.jpg 300w, https:\/\/www.bielefelder-baeume.de\/wp-content\/uploads\/2017\/07\/IMG_0274-130x158.jpg 130w, https:\/\/www.bielefelder-baeume.de\/wp-content\/uploads\/2017\/07\/IMG_0274-768x933.jpg 768w, https:\/\/www.bielefelder-baeume.de\/wp-content\/uploads\/2017\/07\/IMG_0274-640x777.jpg 640w, https:\/\/www.bielefelder-baeume.de\/wp-content\/uploads\/2017\/07\/IMG_0274.jpg 843w\" sizes=\"(max-width: 300px) 100vw, 300px\" \/><\/a><\/p>\n","protected":false},"excerpt":{"rendered":"<p>Ort: Dornberg, Kreiensieksheide Baumart: Blutbuche Zeit: Juni 2017 Fotos: Olaf Kolodzig<\/p>\n","protected":false},"author":2,"featured_media":0,"comment_status":"open","ping_status":"open","sticky":false,"template":"","format":"standard","meta":[],"categories":[22],"tags":[55,43],"_links":{"self":[{"href":"https:\/\/www.bielefelder-baeume.de\/index.php?rest_route=\/wp\/v2\/posts\/1894"}],"collection":[{"href":"https:\/\/www.bielefelder-baeume.de\/index.php?rest_route=\/wp\/v2\/posts"}],"about":[{"href":"https:\/\/www.bielefelder-baeume.de\/index.php?rest_route=\/wp\/v2\/types\/post"}],"author":[{"embeddable":true,"href":"https:\/\/www.bielefelder-baeume.de\/index.php?rest_route=\/wp\/v2\/users\/2"}],"replies":[{"embeddable":true,"href":"https:\/\/www.bielefelder-baeume.de\/index.php?rest_route=%2Fwp%2Fv2%2Fcomments&post=1894"}],"version-history":[{"count":3,"href":"https:\/\/www.bielefelder-baeume.de\/index.php?rest_route=\/wp\/v2\/posts\/1894\/revisions"}],"predecessor-version":[{"id":1913,"href":"https:\/\/www.bielefelder-baeume.de\/index.php?rest_route=\/wp\/v2\/posts\/1894\/revisions\/1913"}],"wp:attachment":[{"href":"https:\/\/www.bielefelder-baeume.de\/index.php?rest_route=%2Fwp%2Fv2%2Fmedia&parent=1894"}],"wp:term":[{"taxonomy":"category","embeddable":true,"href":"https:\/\/www.bielefelder-baeume.de\/index.php?rest_route=%2Fwp%2Fv2%2Fcategories&post=1894"},{"taxonomy":"post_tag","embeddable":true,"href":"https:\/\/www.bielefelder-baeume.de\/index.php?rest_route=%2Fwp%2Fv2%2Ftags&post=1894"}],"curies":[{"name":"wp","href":"https:\/\/api.w.org\/{rel}","templated":true}]}}