{"id":1901,"date":"2017-08-10T16:58:22","date_gmt":"2017-08-10T14:58:22","guid":{"rendered":"http:\/\/www.bielefelder-baeume.de\/?p=1901"},"modified":"2020-01-03T23:52:48","modified_gmt":"2020-01-03T21:52:48","slug":"eiche-heeper-strassestauteich-iii","status":"publish","type":"post","link":"https:\/\/www.bielefelder-baeume.de\/?p=1901","title":{"rendered":"Eiche Heeper Stra\u00dfe\/Stauteich III"},"content":{"rendered":"<p><a href=\"http:\/\/www.bielefelder-baeume.de\/wp-content\/uploads\/2017\/08\/Stiel-Eiche-6-N\u00e4he-Heeperstr.jpg\" rel=\"attachment wp-att-1904\"><img loading=\"lazy\" class=\"alignnone wp-image-1904\" src=\"http:\/\/www.bielefelder-baeume.de\/wp-content\/uploads\/2017\/08\/Stiel-Eiche-6-N\u00e4he-Heeperstr-300x200.jpg\" alt=\"Stiel-Eiche (6) N\u00e4he Heeperstr\" width=\"311\" height=\"207\" srcset=\"https:\/\/www.bielefelder-baeume.de\/wp-content\/uploads\/2017\/08\/Stiel-Eiche-6-N\u00e4he-Heeperstr-300x200.jpg 300w, https:\/\/www.bielefelder-baeume.de\/wp-content\/uploads\/2017\/08\/Stiel-Eiche-6-N\u00e4he-Heeperstr-130x87.jpg 130w, https:\/\/www.bielefelder-baeume.de\/wp-content\/uploads\/2017\/08\/Stiel-Eiche-6-N\u00e4he-Heeperstr-768x512.jpg 768w, https:\/\/www.bielefelder-baeume.de\/wp-content\/uploads\/2017\/08\/Stiel-Eiche-6-N\u00e4he-Heeperstr-640x427.jpg 640w\" sizes=\"(max-width: 311px) 100vw, 311px\" \/><\/a><\/p>\n<p><strong>Ort:<\/strong> Heeper Stra\u00dfe, am Stauteich III (siehe <a href=\"https:\/\/bielefelder-baeche.de\/?p=193\">Portr\u00e4t der Lutter auf &#8222;Bielefelder B\u00e4che&#8220;<\/a>)<br \/>\n<strong>Baumart:<\/strong> Stieleiche<br \/>\n<strong>Zeit:<\/strong> Juli 2017<br \/>\n<strong>Fotos:<\/strong> Uli Brenke<\/p>\n<p><!--more--><\/p>\n<p><a href=\"http:\/\/www.bielefelder-baeume.de\/wp-content\/uploads\/2017\/08\/Stiel-Eiche-4-N\u00e4he-Heeperstr.jpg\" rel=\"attachment wp-att-1902\"><img loading=\"lazy\" class=\"alignnone size-medium wp-image-1902\" src=\"http:\/\/www.bielefelder-baeume.de\/wp-content\/uploads\/2017\/08\/Stiel-Eiche-4-N\u00e4he-Heeperstr-300x450.jpg\" alt=\"Stiel-Eiche (4) N\u00e4he Heeperstr\" width=\"300\" height=\"450\" srcset=\"https:\/\/www.bielefelder-baeume.de\/wp-content\/uploads\/2017\/08\/Stiel-Eiche-4-N\u00e4he-Heeperstr-300x450.jpg 300w, https:\/\/www.bielefelder-baeume.de\/wp-content\/uploads\/2017\/08\/Stiel-Eiche-4-N\u00e4he-Heeperstr-130x195.jpg 130w, https:\/\/www.bielefelder-baeume.de\/wp-content\/uploads\/2017\/08\/Stiel-Eiche-4-N\u00e4he-Heeperstr-768x1152.jpg 768w, https:\/\/www.bielefelder-baeume.de\/wp-content\/uploads\/2017\/08\/Stiel-Eiche-4-N\u00e4he-Heeperstr-640x960.jpg 640w\" sizes=\"(max-width: 300px) 100vw, 300px\" \/><\/a><\/p>\n<p><a href=\"http:\/\/www.bielefelder-baeume.de\/wp-content\/uploads\/2017\/08\/Stiel-Eiche-5-N\u00e4he-Heeperstr.jpg\" rel=\"attachment wp-att-1903\"><img loading=\"lazy\" class=\"alignnone size-medium wp-image-1903\" src=\"http:\/\/www.bielefelder-baeume.de\/wp-content\/uploads\/2017\/08\/Stiel-Eiche-5-N\u00e4he-Heeperstr-300x200.jpg\" alt=\"Stiel-Eiche (5) N\u00e4he Heeperstr\" width=\"300\" height=\"200\" srcset=\"https:\/\/www.bielefelder-baeume.de\/wp-content\/uploads\/2017\/08\/Stiel-Eiche-5-N\u00e4he-Heeperstr-300x200.jpg 300w, https:\/\/www.bielefelder-baeume.de\/wp-content\/uploads\/2017\/08\/Stiel-Eiche-5-N\u00e4he-Heeperstr-130x87.jpg 130w, https:\/\/www.bielefelder-baeume.de\/wp-content\/uploads\/2017\/08\/Stiel-Eiche-5-N\u00e4he-Heeperstr-768x512.jpg 768w, https:\/\/www.bielefelder-baeume.de\/wp-content\/uploads\/2017\/08\/Stiel-Eiche-5-N\u00e4he-Heeperstr-640x427.jpg 640w\" sizes=\"(max-width: 300px) 100vw, 300px\" \/><\/a><\/p>\n","protected":false},"excerpt":{"rendered":"<p>Ort: Heeper Stra\u00dfe, am Stauteich III (siehe Portr\u00e4t der Lutter auf &#8222;Bielefelder B\u00e4che&#8220;) Baumart: Stieleiche Zeit: Juli 2017 Fotos: Uli Brenke<\/p>\n","protected":false},"author":2,"featured_media":0,"comment_status":"open","ping_status":"open","sticky":false,"template":"","format":"standard","meta":[],"categories":[9],"tags":[47],"_links":{"self":[{"href":"https:\/\/www.bielefelder-baeume.de\/index.php?rest_route=\/wp\/v2\/posts\/1901"}],"collection":[{"href":"https:\/\/www.bielefelder-baeume.de\/index.php?rest_route=\/wp\/v2\/posts"}],"about":[{"href":"https:\/\/www.bielefelder-baeume.de\/index.php?rest_route=\/wp\/v2\/types\/post"}],"author":[{"embeddable":true,"href":"https:\/\/www.bielefelder-baeume.de\/index.php?rest_route=\/wp\/v2\/users\/2"}],"replies":[{"embeddable":true,"href":"https:\/\/www.bielefelder-baeume.de\/index.php?rest_route=%2Fwp%2Fv2%2Fcomments&post=1901"}],"version-history":[{"count":2,"href":"https:\/\/www.bielefelder-baeume.de\/index.php?rest_route=\/wp\/v2\/posts\/1901\/revisions"}],"predecessor-version":[{"id":2195,"href":"https:\/\/www.bielefelder-baeume.de\/index.php?rest_route=\/wp\/v2\/posts\/1901\/revisions\/2195"}],"wp:attachment":[{"href":"https:\/\/www.bielefelder-baeume.de\/index.php?rest_route=%2Fwp%2Fv2%2Fmedia&parent=1901"}],"wp:term":[{"taxonomy":"category","embeddable":true,"href":"https:\/\/www.bielefelder-baeume.de\/index.php?rest_route=%2Fwp%2Fv2%2Fcategories&post=1901"},{"taxonomy":"post_tag","embeddable":true,"href":"https:\/\/www.bielefelder-baeume.de\/index.php?rest_route=%2Fwp%2Fv2%2Ftags&post=1901"}],"curies":[{"name":"wp","href":"https:\/\/api.w.org\/{rel}","templated":true}]}}