{"id":1945,"date":"2017-08-30T14:24:48","date_gmt":"2017-08-30T12:24:48","guid":{"rendered":"http:\/\/www.bielefelder-baeume.de\/?p=1945"},"modified":"2020-01-03T23:58:41","modified_gmt":"2020-01-03T21:58:41","slug":"uime-an-der-engerschen-strasse","status":"publish","type":"post","link":"https:\/\/www.bielefelder-baeume.de\/?p=1945","title":{"rendered":"Ulme an der Engerschen Stra\u00dfe"},"content":{"rendered":"<p><a href=\"http:\/\/www.bielefelder-baeume.de\/wp-content\/uploads\/2017\/08\/Engersche-Ulme20140608_093420.jpg\" rel=\"attachment wp-att-1947\"><img loading=\"lazy\" class=\"alignnone size-medium wp-image-1947\" src=\"http:\/\/www.bielefelder-baeume.de\/wp-content\/uploads\/2017\/08\/Engersche-Ulme20140608_093420-300x225.jpg\" alt=\"Engersche-Ulme20140608_093420\" width=\"300\" height=\"225\" srcset=\"https:\/\/www.bielefelder-baeume.de\/wp-content\/uploads\/2017\/08\/Engersche-Ulme20140608_093420-300x225.jpg 300w, https:\/\/www.bielefelder-baeume.de\/wp-content\/uploads\/2017\/08\/Engersche-Ulme20140608_093420-130x98.jpg 130w, https:\/\/www.bielefelder-baeume.de\/wp-content\/uploads\/2017\/08\/Engersche-Ulme20140608_093420-768x576.jpg 768w, https:\/\/www.bielefelder-baeume.de\/wp-content\/uploads\/2017\/08\/Engersche-Ulme20140608_093420-640x480.jpg 640w, https:\/\/www.bielefelder-baeume.de\/wp-content\/uploads\/2017\/08\/Engersche-Ulme20140608_093420.jpg 1024w\" sizes=\"(max-width: 300px) 100vw, 300px\" \/><\/a><\/p>\n<p><strong>Ort:<\/strong> Engersche Stra\u00dfe in Schildesche, am Johannisbach<br \/>\n<strong>Baumart:<\/strong> Ulme<br \/>\n<strong>Zeit:<\/strong> Juni 2014<br \/>\n<strong>Fotos:<\/strong> Jens J. Korff<\/p>\n<p><a href=\"http:\/\/www.bielefelder-baeume.de\/wp-content\/uploads\/2017\/08\/Engersche-Ulme20140608_093356.jpg\" rel=\"attachment wp-att-1946\"><img loading=\"lazy\" class=\"alignnone size-medium wp-image-1946\" src=\"http:\/\/www.bielefelder-baeume.de\/wp-content\/uploads\/2017\/08\/Engersche-Ulme20140608_093356-300x225.jpg\" alt=\"Engersche-Ulme20140608_093356\" width=\"300\" height=\"225\" srcset=\"https:\/\/www.bielefelder-baeume.de\/wp-content\/uploads\/2017\/08\/Engersche-Ulme20140608_093356-300x225.jpg 300w, https:\/\/www.bielefelder-baeume.de\/wp-content\/uploads\/2017\/08\/Engersche-Ulme20140608_093356-130x98.jpg 130w, https:\/\/www.bielefelder-baeume.de\/wp-content\/uploads\/2017\/08\/Engersche-Ulme20140608_093356-768x576.jpg 768w, https:\/\/www.bielefelder-baeume.de\/wp-content\/uploads\/2017\/08\/Engersche-Ulme20140608_093356-640x480.jpg 640w, https:\/\/www.bielefelder-baeume.de\/wp-content\/uploads\/2017\/08\/Engersche-Ulme20140608_093356.jpg 1024w\" sizes=\"(max-width: 300px) 100vw, 300px\" \/><\/a><\/p>\n<p>Die Ulme steht an der Br\u00fccke der Engerschen Stra\u00dfe \u00fcber den Johannisbach. <a href=\"https:\/\/bielefelder-baeche.de\/?p=119\">Portr\u00e4t des Johannisbachs auf &#8222;Bielefelder B\u00e4che&#8220;<\/a><\/p>\n","protected":false},"excerpt":{"rendered":"<p>Ort: Engersche Stra\u00dfe in Schildesche, am Johannisbach Baumart: Ulme Zeit: Juni 2014 Fotos: Jens J. Korff Die Ulme steht an der Br\u00fccke der Engerschen Stra\u00dfe \u00fcber den Johannisbach. Portr\u00e4t des Johannisbachs auf &#8222;Bielefelder B\u00e4che&#8220;<\/p>\n","protected":false},"author":511,"featured_media":0,"comment_status":"open","ping_status":"open","sticky":false,"template":"","format":"standard","meta":[],"categories":[34],"tags":[52],"_links":{"self":[{"href":"https:\/\/www.bielefelder-baeume.de\/index.php?rest_route=\/wp\/v2\/posts\/1945"}],"collection":[{"href":"https:\/\/www.bielefelder-baeume.de\/index.php?rest_route=\/wp\/v2\/posts"}],"about":[{"href":"https:\/\/www.bielefelder-baeume.de\/index.php?rest_route=\/wp\/v2\/types\/post"}],"author":[{"embeddable":true,"href":"https:\/\/www.bielefelder-baeume.de\/index.php?rest_route=\/wp\/v2\/users\/511"}],"replies":[{"embeddable":true,"href":"https:\/\/www.bielefelder-baeume.de\/index.php?rest_route=%2Fwp%2Fv2%2Fcomments&post=1945"}],"version-history":[{"count":6,"href":"https:\/\/www.bielefelder-baeume.de\/index.php?rest_route=\/wp\/v2\/posts\/1945\/revisions"}],"predecessor-version":[{"id":2201,"href":"https:\/\/www.bielefelder-baeume.de\/index.php?rest_route=\/wp\/v2\/posts\/1945\/revisions\/2201"}],"wp:attachment":[{"href":"https:\/\/www.bielefelder-baeume.de\/index.php?rest_route=%2Fwp%2Fv2%2Fmedia&parent=1945"}],"wp:term":[{"taxonomy":"category","embeddable":true,"href":"https:\/\/www.bielefelder-baeume.de\/index.php?rest_route=%2Fwp%2Fv2%2Fcategories&post=1945"},{"taxonomy":"post_tag","embeddable":true,"href":"https:\/\/www.bielefelder-baeume.de\/index.php?rest_route=%2Fwp%2Fv2%2Ftags&post=1945"}],"curies":[{"name":"wp","href":"https:\/\/api.w.org\/{rel}","templated":true}]}}