{"id":2010,"date":"2017-10-16T23:01:07","date_gmt":"2017-10-16T21:01:07","guid":{"rendered":"http:\/\/www.bielefelder-baeume.de\/?p=2010"},"modified":"2017-10-19T14:16:26","modified_gmt":"2017-10-19T12:16:26","slug":"linde-zwischen-heidbrede-und-engerscher-strasse","status":"publish","type":"post","link":"https:\/\/www.bielefelder-baeume.de\/?p=2010","title":{"rendered":"Linde zwischen Heidbrede und Engerscher Stra\u00dfe"},"content":{"rendered":"<p><a href=\"http:\/\/www.bielefelder-baeume.de\/wp-content\/uploads\/2017\/10\/Linde-zwischen-Heidbrede-und-Engerscher-Str-2.jpg\" rel=\"attachment wp-att-2012\"><img loading=\"lazy\" class=\"alignnone size-medium wp-image-2012\" src=\"http:\/\/www.bielefelder-baeume.de\/wp-content\/uploads\/2017\/10\/Linde-zwischen-Heidbrede-und-Engerscher-Str-2-300x419.jpg\" alt=\"Linde zwischen Heidbrede und Engerscher Str (2)\" width=\"300\" height=\"419\" srcset=\"https:\/\/www.bielefelder-baeume.de\/wp-content\/uploads\/2017\/10\/Linde-zwischen-Heidbrede-und-Engerscher-Str-2-300x419.jpg 300w, https:\/\/www.bielefelder-baeume.de\/wp-content\/uploads\/2017\/10\/Linde-zwischen-Heidbrede-und-Engerscher-Str-2-130x181.jpg 130w, https:\/\/www.bielefelder-baeume.de\/wp-content\/uploads\/2017\/10\/Linde-zwischen-Heidbrede-und-Engerscher-Str-2-768x1072.jpg 768w, https:\/\/www.bielefelder-baeume.de\/wp-content\/uploads\/2017\/10\/Linde-zwischen-Heidbrede-und-Engerscher-Str-2-640x893.jpg 640w\" sizes=\"(max-width: 300px) 100vw, 300px\" \/><\/a><!--more--><\/p>\n<p><a href=\"http:\/\/www.bielefelder-baeume.de\/wp-content\/uploads\/2017\/10\/Linde-zwischen-Heidbrede-und-Engerscher-Str-1.jpg\" rel=\"attachment wp-att-2011\"><img loading=\"lazy\" class=\"alignnone size-medium wp-image-2011\" src=\"http:\/\/www.bielefelder-baeume.de\/wp-content\/uploads\/2017\/10\/Linde-zwischen-Heidbrede-und-Engerscher-Str-1-300x200.jpg\" alt=\"Linde zwischen Heidbrede und Engerscher Str (1)\" width=\"300\" height=\"200\" srcset=\"https:\/\/www.bielefelder-baeume.de\/wp-content\/uploads\/2017\/10\/Linde-zwischen-Heidbrede-und-Engerscher-Str-1-300x200.jpg 300w, https:\/\/www.bielefelder-baeume.de\/wp-content\/uploads\/2017\/10\/Linde-zwischen-Heidbrede-und-Engerscher-Str-1-130x87.jpg 130w, https:\/\/www.bielefelder-baeume.de\/wp-content\/uploads\/2017\/10\/Linde-zwischen-Heidbrede-und-Engerscher-Str-1-768x512.jpg 768w, https:\/\/www.bielefelder-baeume.de\/wp-content\/uploads\/2017\/10\/Linde-zwischen-Heidbrede-und-Engerscher-Str-1-640x427.jpg 640w\" sizes=\"(max-width: 300px) 100vw, 300px\" \/><\/a> <a href=\"http:\/\/www.bielefelder-baeume.de\/wp-content\/uploads\/2017\/10\/Linde-zwischen-Heidbrede-und-Engerscher-Str-3.jpg\" rel=\"attachment wp-att-2013\"><img loading=\"lazy\" class=\"alignnone size-medium wp-image-2013\" src=\"http:\/\/www.bielefelder-baeume.de\/wp-content\/uploads\/2017\/10\/Linde-zwischen-Heidbrede-und-Engerscher-Str-3-300x200.jpg\" alt=\"Linde zwischen Heidbrede und Engerscher Str (3)\" width=\"300\" height=\"200\" srcset=\"https:\/\/www.bielefelder-baeume.de\/wp-content\/uploads\/2017\/10\/Linde-zwischen-Heidbrede-und-Engerscher-Str-3-300x200.jpg 300w, https:\/\/www.bielefelder-baeume.de\/wp-content\/uploads\/2017\/10\/Linde-zwischen-Heidbrede-und-Engerscher-Str-3-130x87.jpg 130w, https:\/\/www.bielefelder-baeume.de\/wp-content\/uploads\/2017\/10\/Linde-zwischen-Heidbrede-und-Engerscher-Str-3-768x512.jpg 768w, https:\/\/www.bielefelder-baeume.de\/wp-content\/uploads\/2017\/10\/Linde-zwischen-Heidbrede-und-Engerscher-Str-3-640x427.jpg 640w\" sizes=\"(max-width: 300px) 100vw, 300px\" \/><\/a><\/p>\n<p><strong>Ort:<\/strong>\u00a0Vilsendorf, am Ende der Heidbrede, Richtung Engersche Stra\u00dfe<br \/>\n<strong>Baumart:<\/strong> Linde<br \/>\n<strong>Zeit:<\/strong> August 2017<br \/>\n<strong>Fotos:<\/strong> Uli Brenke<\/p>\n<p>Diese stattliche Linde steht am Ende der Stra\u00dfe Heidbrede oberhalb des J\u00f6lletals. Sie ist noch nicht als Naturdenkmal eingetragen &#8211; offenbar ein Vers\u00e4umnis.<\/p>\n","protected":false},"excerpt":{"rendered":"","protected":false},"author":511,"featured_media":0,"comment_status":"open","ping_status":"open","sticky":false,"template":"","format":"standard","meta":[],"categories":[33],"tags":[53],"_links":{"self":[{"href":"https:\/\/www.bielefelder-baeume.de\/index.php?rest_route=\/wp\/v2\/posts\/2010"}],"collection":[{"href":"https:\/\/www.bielefelder-baeume.de\/index.php?rest_route=\/wp\/v2\/posts"}],"about":[{"href":"https:\/\/www.bielefelder-baeume.de\/index.php?rest_route=\/wp\/v2\/types\/post"}],"author":[{"embeddable":true,"href":"https:\/\/www.bielefelder-baeume.de\/index.php?rest_route=\/wp\/v2\/users\/511"}],"replies":[{"embeddable":true,"href":"https:\/\/www.bielefelder-baeume.de\/index.php?rest_route=%2Fwp%2Fv2%2Fcomments&post=2010"}],"version-history":[{"count":3,"href":"https:\/\/www.bielefelder-baeume.de\/index.php?rest_route=\/wp\/v2\/posts\/2010\/revisions"}],"predecessor-version":[{"id":2068,"href":"https:\/\/www.bielefelder-baeume.de\/index.php?rest_route=\/wp\/v2\/posts\/2010\/revisions\/2068"}],"wp:attachment":[{"href":"https:\/\/www.bielefelder-baeume.de\/index.php?rest_route=%2Fwp%2Fv2%2Fmedia&parent=2010"}],"wp:term":[{"taxonomy":"category","embeddable":true,"href":"https:\/\/www.bielefelder-baeume.de\/index.php?rest_route=%2Fwp%2Fv2%2Fcategories&post=2010"},{"taxonomy":"post_tag","embeddable":true,"href":"https:\/\/www.bielefelder-baeume.de\/index.php?rest_route=%2Fwp%2Fv2%2Ftags&post=2010"}],"curies":[{"name":"wp","href":"https:\/\/api.w.org\/{rel}","templated":true}]}}