{"id":2078,"date":"2018-03-20T21:17:46","date_gmt":"2018-03-20T19:17:46","guid":{"rendered":"http:\/\/www.bielefelder-baeume.de\/?p=2078"},"modified":"2022-09-09T21:23:09","modified_gmt":"2022-09-09T19:23:09","slug":"kiefer-vor-dem-oerkenkrug","status":"publish","type":"post","link":"https:\/\/www.bielefelder-baeume.de\/?p=2078","title":{"rendered":"Kiefer vor dem Oerkenkrug"},"content":{"rendered":"<p><img loading=\"lazy\" class=\"alignnone size-thumbnail wp-image-2081\" src=\"http:\/\/www.bielefelder-baeume.de\/wp-content\/uploads\/2018\/03\/pr\u00e4chtige-Kiefer-Oerkenkrug-130x173.jpg\" alt=\"pr\u00e4chtige Kiefer Oerkenkrug\" width=\"130\" height=\"173\" srcset=\"https:\/\/www.bielefelder-baeume.de\/wp-content\/uploads\/2018\/03\/pr\u00e4chtige-Kiefer-Oerkenkrug-130x173.jpg 130w, https:\/\/www.bielefelder-baeume.de\/wp-content\/uploads\/2018\/03\/pr\u00e4chtige-Kiefer-Oerkenkrug-300x400.jpg 300w, https:\/\/www.bielefelder-baeume.de\/wp-content\/uploads\/2018\/03\/pr\u00e4chtige-Kiefer-Oerkenkrug.jpg 576w\" sizes=\"(max-width: 130px) 100vw, 130px\" \/>\u00a0<a href=\"http:\/\/www.bielefelder-baeume.de\/wp-content\/uploads\/2018\/03\/pr\u00e4chtige-Kiefer-2-Oerkenkrug.jpg\" rel=\"attachment wp-att-2080\"><img loading=\"lazy\" class=\"alignnone size-thumbnail wp-image-2080\" src=\"http:\/\/www.bielefelder-baeume.de\/wp-content\/uploads\/2018\/03\/pr\u00e4chtige-Kiefer-2-Oerkenkrug-130x98.jpg\" alt=\"pr\u00e4chtige Kiefer 2 Oerkenkrug\" width=\"130\" height=\"98\" srcset=\"https:\/\/www.bielefelder-baeume.de\/wp-content\/uploads\/2018\/03\/pr\u00e4chtige-Kiefer-2-Oerkenkrug-130x98.jpg 130w, https:\/\/www.bielefelder-baeume.de\/wp-content\/uploads\/2018\/03\/pr\u00e4chtige-Kiefer-2-Oerkenkrug-300x225.jpg 300w, https:\/\/www.bielefelder-baeume.de\/wp-content\/uploads\/2018\/03\/pr\u00e4chtige-Kiefer-2-Oerkenkrug-768x576.jpg 768w, https:\/\/www.bielefelder-baeume.de\/wp-content\/uploads\/2018\/03\/pr\u00e4chtige-Kiefer-2-Oerkenkrug-640x480.jpg 640w, https:\/\/www.bielefelder-baeume.de\/wp-content\/uploads\/2018\/03\/pr\u00e4chtige-Kiefer-2-Oerkenkrug.jpg 1024w\" sizes=\"(max-width: 130px) 100vw, 130px\" \/><\/a><\/p>\n<p><strong>Ort:<\/strong> Gastst\u00e4tte Oerkenkrug, Vilsendorfer Stra\u00dfe<br \/>\n<strong>Baumart:<\/strong>\u00a0<a href=\"https:\/\/de.wikipedia.org\/wiki\/Schwarzkiefer\">Schwarzkiefer <\/a>(Pinus nigra)<br \/>\n<strong>Zeit:<\/strong> Februar 2018<br \/>\n<strong>Foto:<\/strong> Iris Kukla<\/p>\n<p>Ein ungew\u00f6hnlich pr\u00e4chtiges, frei stehendes Exemplar mit kugelf\u00f6rmiger Krone. Normalerweise sind Kiefernkronen eher scheibenf\u00f6rmig. Die Borke ist bei Schwarzkiefern \u00fcberall dunkelgrau und nicht in der oberen H\u00e4lfte des Stammes r\u00f6tlich wie bei gew\u00f6hnlichen Waldkiefern.<\/p>\n<p>Das <a href=\"http:\/\/oerkenkrug.de\/fotos\/\">Restaurant Oerkenkrug<\/a> ist in einem gro\u00dfen, b\u00e4uerlichen Fachwerkhaus untergebracht.<\/p>\n","protected":false},"excerpt":{"rendered":"<p>\u00a0 Ort: Gastst\u00e4tte Oerkenkrug, Vilsendorfer Stra\u00dfe Baumart:\u00a0Schwarzkiefer (Pinus nigra) Zeit: Februar 2018 Foto: Iris Kukla Ein ungew\u00f6hnlich pr\u00e4chtiges, frei stehendes Exemplar mit kugelf\u00f6rmiger Krone. Normalerweise sind Kiefernkronen eher scheibenf\u00f6rmig. Die Borke ist bei Schwarzkiefern \u00fcberall dunkelgrau und nicht in der oberen H\u00e4lfte des Stammes r\u00f6tlich wie bei gew\u00f6hnlichen Waldkiefern. Das Restaurant Oerkenkrug ist in einem [&hellip;]<\/p>\n","protected":false},"author":2,"featured_media":0,"comment_status":"open","ping_status":"open","sticky":false,"template":"","format":"standard","meta":[],"categories":[31],"tags":[49],"_links":{"self":[{"href":"https:\/\/www.bielefelder-baeume.de\/index.php?rest_route=\/wp\/v2\/posts\/2078"}],"collection":[{"href":"https:\/\/www.bielefelder-baeume.de\/index.php?rest_route=\/wp\/v2\/posts"}],"about":[{"href":"https:\/\/www.bielefelder-baeume.de\/index.php?rest_route=\/wp\/v2\/types\/post"}],"author":[{"embeddable":true,"href":"https:\/\/www.bielefelder-baeume.de\/index.php?rest_route=\/wp\/v2\/users\/2"}],"replies":[{"embeddable":true,"href":"https:\/\/www.bielefelder-baeume.de\/index.php?rest_route=%2Fwp%2Fv2%2Fcomments&post=2078"}],"version-history":[{"count":4,"href":"https:\/\/www.bielefelder-baeume.de\/index.php?rest_route=\/wp\/v2\/posts\/2078\/revisions"}],"predecessor-version":[{"id":2354,"href":"https:\/\/www.bielefelder-baeume.de\/index.php?rest_route=\/wp\/v2\/posts\/2078\/revisions\/2354"}],"wp:attachment":[{"href":"https:\/\/www.bielefelder-baeume.de\/index.php?rest_route=%2Fwp%2Fv2%2Fmedia&parent=2078"}],"wp:term":[{"taxonomy":"category","embeddable":true,"href":"https:\/\/www.bielefelder-baeume.de\/index.php?rest_route=%2Fwp%2Fv2%2Fcategories&post=2078"},{"taxonomy":"post_tag","embeddable":true,"href":"https:\/\/www.bielefelder-baeume.de\/index.php?rest_route=%2Fwp%2Fv2%2Ftags&post=2078"}],"curies":[{"name":"wp","href":"https:\/\/api.w.org\/{rel}","templated":true}]}}