{"id":2173,"date":"2019-07-21T12:48:38","date_gmt":"2019-07-21T10:48:38","guid":{"rendered":"http:\/\/www.bielefelder-baeume.de\/?p=2173"},"modified":"2020-07-14T12:40:15","modified_gmt":"2020-07-14T10:40:15","slug":"uralte-kirschpflaume-in-lemgo","status":"publish","type":"post","link":"https:\/\/www.bielefelder-baeume.de\/?p=2173","title":{"rendered":"Uralte Kirschpflaume in Lemgo"},"content":{"rendered":"<p><a href=\"http:\/\/www.bielefelder-baeume.de\/wp-content\/uploads\/2019\/07\/obstbaum-lemgo_WH.jpg\" rel=\"attachment wp-att-2174\"><img loading=\"lazy\" class=\"alignnone size-medium wp-image-2174\" src=\"http:\/\/www.bielefelder-baeume.de\/wp-content\/uploads\/2019\/07\/obstbaum-lemgo_WH-300x202.jpg\" alt=\"obstbaum-lemgo_WH\" width=\"300\" height=\"202\" srcset=\"https:\/\/www.bielefelder-baeume.de\/wp-content\/uploads\/2019\/07\/obstbaum-lemgo_WH-300x202.jpg 300w, https:\/\/www.bielefelder-baeume.de\/wp-content\/uploads\/2019\/07\/obstbaum-lemgo_WH-130x88.jpg 130w, https:\/\/www.bielefelder-baeume.de\/wp-content\/uploads\/2019\/07\/obstbaum-lemgo_WH-768x518.jpg 768w, https:\/\/www.bielefelder-baeume.de\/wp-content\/uploads\/2019\/07\/obstbaum-lemgo_WH-640x431.jpg 640w, https:\/\/www.bielefelder-baeume.de\/wp-content\/uploads\/2019\/07\/obstbaum-lemgo_WH.jpg 1500w\" sizes=\"(max-width: 300px) 100vw, 300px\" \/><\/a><\/p>\n<p><strong>Baumart:<\/strong> <a href=\"https:\/\/de.wikipedia.org\/wiki\/Kirschpflaume\">Kirschpflaume<\/a> (Myrobalane, Prunus cerasifera)<br \/>\n<strong>Ort:<\/strong> Lemgo, Streuobstwiese des BUND Lemgo am Lindenhaus<br \/>\n<strong>Zeit:<\/strong>\u00a0April 2019?<br \/>\n<strong>Foto:<\/strong> Willi Hennebr\u00fcder<!--more--><\/p>\n<p>In der Streuobstwiese des BUND Lemgo am Lindenhaus steht ein kolossaler Baum mit einer Hohe von etwa 8 Metern. Er ist vermutlich vor vielen Jahren auseinander gebrochen, die \u00c4ste sind ins Erdreich eingedrungen und haben neue Wurzeln gebildet und der Baum hat sich auf etwa 40 m Fl\u00e4che ausgedehnt. Sein Alter wird auf \u00a0mindestens 100 Jahre gesch\u00e4tzt. <!--more-->Jahr f\u00fcr Jahr tr\u00e4gt er viele gelbe, tischtennisballgro\u00dfe, sehr saftige, s\u00fc\u00dfe Fr\u00fcchte.\u00a0Lange war unklar, um\u00a0welche Obstsorte es sich handelt. Um dies zu kl\u00e4ren, wurden 2019 reife Fr\u00fcchte mit Bl\u00e4ttern zur Expertin vom Pomologenverein, Frau Dr. Anette Braun-L\u00fcllemann gesandt. Nach Ihre Aussage handelt es sich um eine Myrobalane mit \u00fcberdurchschnittlich gro\u00dfen Fr\u00fcchten. Sie wird auch als Kirschpflaume oder T\u00fcrkenkirsche bezeichnet. Die urspr\u00fcngliche Heimat liegt in Mittelasien und die B\u00e4ume wurden wegen ihrer Robustheit gerne als Unterlagen f\u00fcr Pflaumen und Zwetschgen genutzt. Myrobalanen sind Fr\u00fchbl\u00fcher und f\u00fcr Honigbienen und die im Fr\u00fchjahr geschl\u00fcpften Hummelk\u00f6niginnen eine erste Nahrungsquelle. Das Bl\u00fctenangebot f\u00fchrt dazu, dass die Hummelk\u00f6niginnen im Umfeld ein Quartier suchen und dort ihren Staat aufbauen, der dann zur Bl\u00fctezeit bei \u00c4pfeln und Birnen f\u00fcr eine optimale Best\u00e4ubung sorgt. Mitglieder der Lemgoer BUND-Gruppe nutzen die Fr\u00fcchte seit Jahren, um daraus Marmelade herzustellen, und sind begeistert vom\u00a0ungew\u00f6hnlichen tollen Geschmack. Beim BUND Lemgo ist man froh, dass nun das Geheimnis des Baumes gel\u00fcftet werden konnte und hofft, dass er noch lange erhalten bleibt.<\/p>\n<p>Willi Hennebr\u00fcder, <a href=\"http:\/\/www.bund-lemgo.de\">BUND-Ortsgruppe Lemgo<\/a><\/p>\n","protected":false},"excerpt":{"rendered":"<p>Baumart: Kirschpflaume (Myrobalane, Prunus cerasifera) Ort: Lemgo, Streuobstwiese des BUND Lemgo am Lindenhaus Zeit:\u00a0April 2019? Foto: Willi Hennebr\u00fcder<\/p>\n","protected":false},"author":2,"featured_media":0,"comment_status":"open","ping_status":"closed","sticky":false,"template":"","format":"standard","meta":[],"categories":[1],"tags":[54],"_links":{"self":[{"href":"https:\/\/www.bielefelder-baeume.de\/index.php?rest_route=\/wp\/v2\/posts\/2173"}],"collection":[{"href":"https:\/\/www.bielefelder-baeume.de\/index.php?rest_route=\/wp\/v2\/posts"}],"about":[{"href":"https:\/\/www.bielefelder-baeume.de\/index.php?rest_route=\/wp\/v2\/types\/post"}],"author":[{"embeddable":true,"href":"https:\/\/www.bielefelder-baeume.de\/index.php?rest_route=\/wp\/v2\/users\/2"}],"replies":[{"embeddable":true,"href":"https:\/\/www.bielefelder-baeume.de\/index.php?rest_route=%2Fwp%2Fv2%2Fcomments&post=2173"}],"version-history":[{"count":4,"href":"https:\/\/www.bielefelder-baeume.de\/index.php?rest_route=\/wp\/v2\/posts\/2173\/revisions"}],"predecessor-version":[{"id":2229,"href":"https:\/\/www.bielefelder-baeume.de\/index.php?rest_route=\/wp\/v2\/posts\/2173\/revisions\/2229"}],"wp:attachment":[{"href":"https:\/\/www.bielefelder-baeume.de\/index.php?rest_route=%2Fwp%2Fv2%2Fmedia&parent=2173"}],"wp:term":[{"taxonomy":"category","embeddable":true,"href":"https:\/\/www.bielefelder-baeume.de\/index.php?rest_route=%2Fwp%2Fv2%2Fcategories&post=2173"},{"taxonomy":"post_tag","embeddable":true,"href":"https:\/\/www.bielefelder-baeume.de\/index.php?rest_route=%2Fwp%2Fv2%2Ftags&post=2173"}],"curies":[{"name":"wp","href":"https:\/\/api.w.org\/{rel}","templated":true}]}}