{"id":2312,"date":"2021-10-25T14:10:41","date_gmt":"2021-10-25T12:10:41","guid":{"rendered":"http:\/\/www.bielefelder-baeume.de\/?p=2312"},"modified":"2021-10-25T14:16:51","modified_gmt":"2021-10-25T12:16:51","slug":"alter-birnbaum-wilhelm-busch-strasse","status":"publish","type":"post","link":"https:\/\/www.bielefelder-baeume.de\/?p=2312","title":{"rendered":"Alter Birnbaum Wilhelm-Busch-Stra\u00dfe"},"content":{"rendered":"\n<figure class=\"wp-block-image size-large\"><img loading=\"lazy\" width=\"640\" height=\"853\" src=\"http:\/\/www.bielefelder-baeume.de\/wp-content\/uploads\/2021\/10\/Birnbaum_20210927k-1-640x853.jpg\" alt=\"\" class=\"wp-image-2316\" srcset=\"https:\/\/www.bielefelder-baeume.de\/wp-content\/uploads\/2021\/10\/Birnbaum_20210927k-1-640x853.jpg 640w, https:\/\/www.bielefelder-baeume.de\/wp-content\/uploads\/2021\/10\/Birnbaum_20210927k-1-300x400.jpg 300w, https:\/\/www.bielefelder-baeume.de\/wp-content\/uploads\/2021\/10\/Birnbaum_20210927k-1-130x173.jpg 130w, https:\/\/www.bielefelder-baeume.de\/wp-content\/uploads\/2021\/10\/Birnbaum_20210927k-1.jpg 768w\" sizes=\"(max-width: 640px) 100vw, 640px\" \/><\/figure>\n\n\n\n<p><strong>Baumart:<\/strong> Birnbaum (<a href=\"https:\/\/de.wikipedia.org\/wiki\/Kultur-Birne\">Kultur-Birne<\/a>, Pyrus communis)<br \/><strong>Ort:<\/strong> Wilhelm-Busch-Stra\u00dfe<br \/><strong>Zeit:<\/strong> Sommer 2021<br \/><strong>Foto: <\/strong>Anonymus<\/p>\n\n\n\n<!--more-->\n\n\n\n<p>Ein Hausbewohner berichtet: &#8222;Gepflanzt mit dem Hausbau vor 80 Jahren, hat er zu Zeiten der Gro\u00dffamilie Gehlen jedes Jahr Unmengen an Obst geliefert, das immer \u00fcber den Winter eingemacht oder zu Sirup versaftet wurde. Als ich nicht mehr dort wohnte, wurde er v\u00f6llig von Efeu \u00fcberwuchert, der, als ich vor sechs Jahren zur\u00fcckkam, von der der Krone bis auf den Boden hing. Das sah wundersch\u00f6n und geradezu vorzeitlich aus und darin haben viele V\u00f6gel genistet. Aber der Baum war dadurch todkrank und von Birnengitterrost befallen. Ich habe dann das Efeu zur\u00fcckgeschnitten und etwas gegen den Befall aufgespr\u00fcht, aber auch nach einem Jahr war es nicht besser. Dann habe ich den Efeu gekappt, und da ging es ganz schnell, dass er wieder gesund wurde und wieder Riesenmengen an Birnen geliefert hat. Dieses Jahr pausiert er wohl mal. Etwas konservativ, nicht spektakul\u00e4r, zuverl\u00e4ssig, immer da gewesen&nbsp;und voller Narben von fast 80 Jahren.&#8220;<\/p>\n\n\n\n<p>Allerdings hat sich der Baum 2021 etwas geneigt, sodass die Besitzer in Sorge um ihn geraten sind. <\/p>\n","protected":false},"excerpt":{"rendered":"<p>Baumart: Birnbaum (Kultur-Birne, Pyrus communis)Ort: Wilhelm-Busch-Stra\u00dfeZeit: Sommer 2021Foto: Anonymus<\/p>\n","protected":false},"author":2,"featured_media":0,"comment_status":"open","ping_status":"closed","sticky":false,"template":"","format":"standard","meta":[],"categories":[9],"tags":[54],"_links":{"self":[{"href":"https:\/\/www.bielefelder-baeume.de\/index.php?rest_route=\/wp\/v2\/posts\/2312"}],"collection":[{"href":"https:\/\/www.bielefelder-baeume.de\/index.php?rest_route=\/wp\/v2\/posts"}],"about":[{"href":"https:\/\/www.bielefelder-baeume.de\/index.php?rest_route=\/wp\/v2\/types\/post"}],"author":[{"embeddable":true,"href":"https:\/\/www.bielefelder-baeume.de\/index.php?rest_route=\/wp\/v2\/users\/2"}],"replies":[{"embeddable":true,"href":"https:\/\/www.bielefelder-baeume.de\/index.php?rest_route=%2Fwp%2Fv2%2Fcomments&post=2312"}],"version-history":[{"count":3,"href":"https:\/\/www.bielefelder-baeume.de\/index.php?rest_route=\/wp\/v2\/posts\/2312\/revisions"}],"predecessor-version":[{"id":2317,"href":"https:\/\/www.bielefelder-baeume.de\/index.php?rest_route=\/wp\/v2\/posts\/2312\/revisions\/2317"}],"wp:attachment":[{"href":"https:\/\/www.bielefelder-baeume.de\/index.php?rest_route=%2Fwp%2Fv2%2Fmedia&parent=2312"}],"wp:term":[{"taxonomy":"category","embeddable":true,"href":"https:\/\/www.bielefelder-baeume.de\/index.php?rest_route=%2Fwp%2Fv2%2Fcategories&post=2312"},{"taxonomy":"post_tag","embeddable":true,"href":"https:\/\/www.bielefelder-baeume.de\/index.php?rest_route=%2Fwp%2Fv2%2Ftags&post=2312"}],"curies":[{"name":"wp","href":"https:\/\/api.w.org\/{rel}","templated":true}]}}