{"id":233,"date":"2008-07-15T23:14:09","date_gmt":"2008-07-15T21:14:09","guid":{"rendered":"http:\/\/www.bielefelder-baeume.de\/?p=233"},"modified":"2020-06-29T19:05:56","modified_gmt":"2020-06-29T17:05:56","slug":"riesige-platane-am-niederwall","status":"publish","type":"post","link":"https:\/\/www.bielefelder-baeume.de\/?p=233","title":{"rendered":"Riesige Platane am Niederwall (Zwitscherbaum 2014)"},"content":{"rendered":"<p><a title=\"mit_platane.JPG\" href=\"http:\/\/www.bielefelder-baeume.de\/wp-content\/uploads\/2008\/07\/mit_platane.JPG\"><img src=\"http:\/\/www.bielefelder-baeume.de\/wp-content\/uploads\/2008\/07\/mit_platane.thumbnail.JPG\" alt=\"mit_platane.JPG\" \/><\/a>\u00a0\u00a0 <a title=\"Platane Niederwall 1\" href=\"http:\/\/www.bielefelder-baeume.de\/wp-content\/uploads\/2008\/09\/niederwall_platane_ua1.JPG\"><img src=\"http:\/\/www.bielefelder-baeume.de\/wp-content\/uploads\/2008\/09\/niederwall_platane_ua1.thumbnail.JPG\" alt=\"Platane Niederwall 1\" \/><\/a>\u00a0\u00a0 <a title=\"Platane Niederwall 2\" href=\"http:\/\/www.bielefelder-baeume.de\/wp-content\/uploads\/2008\/09\/niederwall_platane_ua2.JPG\"><img src=\"http:\/\/www.bielefelder-baeume.de\/wp-content\/uploads\/2008\/09\/niederwall_platane_ua2.thumbnail.JPG\" alt=\"Platane Niederwall 2\" \/><\/a>\u00a0\u00a0 <a title=\"Platane Niederwall 3\" href=\"http:\/\/www.bielefelder-baeume.de\/wp-content\/uploads\/2008\/09\/niederwall_platane_ua3.JPG\"><img src=\"http:\/\/www.bielefelder-baeume.de\/wp-content\/uploads\/2008\/09\/niederwall_platane_ua3.thumbnail.JPG\" alt=\"Platane Niederwall 3\" \/><\/a>\u00a0\u00a0 <a title=\"Platane Niederwall 4\" href=\"http:\/\/www.bielefelder-baeume.de\/wp-content\/uploads\/2008\/09\/niederwall_platane_ua4.JPG\"><img src=\"http:\/\/www.bielefelder-baeume.de\/wp-content\/uploads\/2008\/09\/niederwall_platane_ua4.thumbnail.JPG\" alt=\"Platane Niederwall 4\" \/><\/a><\/p>\n<p><a href=\"http:\/\/www.bielefeld01.de\/fachdaten\/naturdenkmaeler_exp\/MIT-B052\/thumb.html\">Weitere Fotos vom Umweltamt<\/a><br \/>\n<img loading=\"lazy\" src=\"http:\/\/vg07.met.vgwort.de\/na\/7eb4618b37b8499f9602d2b39fd9a3b1\" width=\"1\" height=\"1\" alt=\"\"\/><\/p>\n<p><strong>Ort:<\/strong> Niederwall Ecke Am Bach<br \/>\n<strong>Baumart:<\/strong> Platane (gesch\u00fctztes <a href=\"http:\/\/www.bielefeld.de\/de\/un\/nala\/nato\/\">Naturdenkmal<\/a>)<\/p>\n<p><strong>Fotos:<\/strong> Umweltamt der Stadt Bielefeld (Nr. 2-5); Jens J. Korff (Nr. 1)<br \/>\n<strong>Zeit:<\/strong> September 2007 (Nr. 2-5), Juni 2008 (Nr. 1)<\/p>\n<p>Die m\u00e4chtige Platane ist wahrscheinlich der bekannteste Baum Bielefelds und war 2014 einer der acht Stars der Aktion <strong>\u201c<a href=\"https:\/\/web.archive.org\/web\/20140714055848\/http:\/\/www.zwitschern-der-baeume.de\/\">Das Zwitschern der B\u00e4ume<\/a>\u201c<\/strong> \u2013 einem Beitrag des BUND Bielefeld zum Stadtjubil\u00e4um <a href=\"http:\/\/www.bielefeld800.de\">Bielefeld 800<\/a>. Sie hat von M\u00e4rz bis Oktober 2014 Geschichten aus ihrem rund 270-j\u00e4hrigen Leben und damit aus der Bielefelder Stadtgeschichte erz\u00e4hlt \u2013 und zwar ganz modern, via Facebook und Twitter. Bielefelder B\u00e4ume sind auf der H\u00f6he der Zeit!<\/p>\n<p>Unterhalb der Kreuzung, nah an den Wurzeln der Platane, flie\u00dft die Lutter, die hier verrohrt ist. <a href=\"https:\/\/bielefelder-baeche.de\/?p=193\">Portr\u00e4t der Lutter auf &#8222;Bielefelder B\u00e4che&#8220;<\/a><\/p>\n<p>&nbsp;<\/p>\n","protected":false},"excerpt":{"rendered":"<p>\u00a0\u00a0 \u00a0\u00a0 \u00a0\u00a0 \u00a0\u00a0 Weitere Fotos vom Umweltamt Ort: Niederwall Ecke Am Bach Baumart: Platane (gesch\u00fctztes Naturdenkmal) Fotos: Umweltamt der Stadt Bielefeld (Nr. 2-5); Jens J. Korff (Nr. 1) Zeit: September 2007 (Nr. 2-5), Juni 2008 (Nr. 1) Die m\u00e4chtige Platane ist wahrscheinlich der bekannteste Baum Bielefelds und war 2014 einer der acht Stars der [&hellip;]<\/p>\n","protected":false},"author":2,"featured_media":0,"comment_status":"open","ping_status":"closed","sticky":false,"template":"","format":"standard","meta":[],"categories":[7],"tags":[59],"_links":{"self":[{"href":"https:\/\/www.bielefelder-baeume.de\/index.php?rest_route=\/wp\/v2\/posts\/233"}],"collection":[{"href":"https:\/\/www.bielefelder-baeume.de\/index.php?rest_route=\/wp\/v2\/posts"}],"about":[{"href":"https:\/\/www.bielefelder-baeume.de\/index.php?rest_route=\/wp\/v2\/types\/post"}],"author":[{"embeddable":true,"href":"https:\/\/www.bielefelder-baeume.de\/index.php?rest_route=\/wp\/v2\/users\/2"}],"replies":[{"embeddable":true,"href":"https:\/\/www.bielefelder-baeume.de\/index.php?rest_route=%2Fwp%2Fv2%2Fcomments&post=233"}],"version-history":[{"count":6,"href":"https:\/\/www.bielefelder-baeume.de\/index.php?rest_route=\/wp\/v2\/posts\/233\/revisions"}],"predecessor-version":[{"id":2220,"href":"https:\/\/www.bielefelder-baeume.de\/index.php?rest_route=\/wp\/v2\/posts\/233\/revisions\/2220"}],"wp:attachment":[{"href":"https:\/\/www.bielefelder-baeume.de\/index.php?rest_route=%2Fwp%2Fv2%2Fmedia&parent=233"}],"wp:term":[{"taxonomy":"category","embeddable":true,"href":"https:\/\/www.bielefelder-baeume.de\/index.php?rest_route=%2Fwp%2Fv2%2Fcategories&post=233"},{"taxonomy":"post_tag","embeddable":true,"href":"https:\/\/www.bielefelder-baeume.de\/index.php?rest_route=%2Fwp%2Fv2%2Ftags&post=233"}],"curies":[{"name":"wp","href":"https:\/\/api.w.org\/{rel}","templated":true}]}}