{"id":249,"date":"2008-09-19T12:42:20","date_gmt":"2008-09-19T10:42:20","guid":{"rendered":"http:\/\/www.bielefelder-baeume.de\/?p=249"},"modified":"2014-08-21T15:20:56","modified_gmt":"2014-08-21T13:20:56","slug":"trauerbuche-im-ravensberger-park","status":"publish","type":"post","link":"https:\/\/www.bielefelder-baeume.de\/?p=249","title":{"rendered":"H\u00e4ngebuche im Ravensberger Park (Zwitscherbaum 2014)"},"content":{"rendered":"<p>\u00a0<a href=\"http:\/\/www.bielefelder-baeume.de\/wp-content\/uploads\/2008\/09\/s7002116.JPG\" title=\"Trauerbuche Ravensberger Park 1\"><img src=\"http:\/\/www.bielefelder-baeume.de\/wp-content\/uploads\/2008\/09\/s7002116.thumbnail.JPG\" alt=\"Trauerbuche Ravensberger Park 1\" \/><\/a>\u00a0\u00a0 <a href=\"http:\/\/www.bielefelder-baeume.de\/wp-content\/uploads\/2008\/09\/s7002117.JPG\" title=\"Trauerbuche Ravensberger Park 2\"><img src=\"http:\/\/www.bielefelder-baeume.de\/wp-content\/uploads\/2008\/09\/s7002117.thumbnail.JPG\" alt=\"Trauerbuche Ravensberger Park 2\" \/><\/a>\u00a0\u00a0 <a href=\"http:\/\/www.bielefelder-baeume.de\/wp-content\/uploads\/2008\/09\/s7002118.JPG\" title=\"Trauerbuche Ravensberger Park 3\"><img src=\"http:\/\/www.bielefelder-baeume.de\/wp-content\/uploads\/2008\/09\/s7002118.thumbnail.JPG\" alt=\"Trauerbuche Ravensberger Park 3\" \/><\/a><\/p>\n<p><strong>Ort:<\/strong> Ravensberger Park<br \/>\n<strong>Baumart:<\/strong> <a href=\"http:\/\/de.wikipedia.org\/wiki\/H%C3%A4ngebuche\">H\u00e4nge- oder Trauerbuche<\/a>, eine Kulturform der <a href=\"http:\/\/de.wikipedia.org\/wiki\/Rotbuche\">Rotbuche<\/a> (Fagus sylvatica)<br \/>\n<strong>Zeit:<\/strong> September 2008<br \/>\n<strong>Foto:<\/strong> Jens J. Korff<\/p>\n<p>Die H\u00e4ngebuche im Ravensberger Park ist nicht nur &#8222;der gr\u00f6\u00dfte Schirm Bielefelds&#8220; (so ein Beamter des gleich nebenan befindlichen Ordnungsamtes), sondern einer der acht Stars der Aktion <strong>&#8222;<a href=\"http:\/\/www.zwitschern-der-baeume.de\">Das Zwitschern der B\u00e4ume<\/a>&#8222;<\/strong> &#8211; einem Beitrag des BUND Bielefeld zum Stadtjubil\u00e4um Bielefeld 800. Sie wird von M\u00e4rz bis Oktober 2014 Geschichten aus ihrem rund hundertj\u00e4hrigen Leben und damit aus der Bielefelder Stadtgeschichte erz\u00e4hlen &#8211; und zwar ganz modern, via Facebook und Twitter. Bielefelder B\u00e4ume sind auf der H\u00f6he der Zeit!<\/p>\n<p>Was haben Sie denn schon alles im Ravensberger Park oder nebenan im Wiesenbad erlebt, unter den Augen dieser H\u00e4ngebuche? Zwei pers\u00f6nliche Beispiele folgen hier bereits. Bitte lassen Sie es uns wissen, damit wir n\u00e4chstes Jahr genug interessanten Stoff haben, den die H\u00e4ngebuche bezwitschern und berascheln kann. Oder werden Sie Baumpate! Besuchen Sie die die H\u00e4ngebuche regelm\u00e4\u00dfig und berichten Sie uns, was sie aktuell gerade treibt. Kontakt: <a href=\"mailto:info@korfftext.de\">korfftext <\/a><\/p>\n","protected":false},"excerpt":{"rendered":"<p>\u00a0\u00a0\u00a0 \u00a0\u00a0 Ort: Ravensberger Park Baumart: H\u00e4nge- oder Trauerbuche, eine Kulturform der Rotbuche (Fagus sylvatica) Zeit: September 2008 Foto: Jens J. Korff Die H\u00e4ngebuche im Ravensberger Park ist nicht nur &#8222;der gr\u00f6\u00dfte Schirm Bielefelds&#8220; (so ein Beamter des gleich nebenan befindlichen Ordnungsamtes), sondern einer der acht Stars der Aktion &#8222;Das Zwitschern der B\u00e4ume&#8222; &#8211; einem [&hellip;]<\/p>\n","protected":false},"author":2,"featured_media":0,"comment_status":"open","ping_status":"closed","sticky":false,"template":"","format":"standard","meta":[],"categories":[9],"tags":[43],"_links":{"self":[{"href":"https:\/\/www.bielefelder-baeume.de\/index.php?rest_route=\/wp\/v2\/posts\/249"}],"collection":[{"href":"https:\/\/www.bielefelder-baeume.de\/index.php?rest_route=\/wp\/v2\/posts"}],"about":[{"href":"https:\/\/www.bielefelder-baeume.de\/index.php?rest_route=\/wp\/v2\/types\/post"}],"author":[{"embeddable":true,"href":"https:\/\/www.bielefelder-baeume.de\/index.php?rest_route=\/wp\/v2\/users\/2"}],"replies":[{"embeddable":true,"href":"https:\/\/www.bielefelder-baeume.de\/index.php?rest_route=%2Fwp%2Fv2%2Fcomments&post=249"}],"version-history":[{"count":1,"href":"https:\/\/www.bielefelder-baeume.de\/index.php?rest_route=\/wp\/v2\/posts\/249\/revisions"}],"predecessor-version":[{"id":1153,"href":"https:\/\/www.bielefelder-baeume.de\/index.php?rest_route=\/wp\/v2\/posts\/249\/revisions\/1153"}],"wp:attachment":[{"href":"https:\/\/www.bielefelder-baeume.de\/index.php?rest_route=%2Fwp%2Fv2%2Fmedia&parent=249"}],"wp:term":[{"taxonomy":"category","embeddable":true,"href":"https:\/\/www.bielefelder-baeume.de\/index.php?rest_route=%2Fwp%2Fv2%2Fcategories&post=249"},{"taxonomy":"post_tag","embeddable":true,"href":"https:\/\/www.bielefelder-baeume.de\/index.php?rest_route=%2Fwp%2Fv2%2Ftags&post=249"}],"curies":[{"name":"wp","href":"https:\/\/api.w.org\/{rel}","templated":true}]}}