{"id":266,"date":"2008-09-25T13:12:19","date_gmt":"2008-09-25T11:12:19","guid":{"rendered":"http:\/\/www.bielefelder-baeume.de\/?p=266"},"modified":"2008-10-14T12:01:27","modified_gmt":"2008-10-14T10:01:27","slug":"eiche-winterstrase","status":"publish","type":"post","link":"https:\/\/www.bielefelder-baeume.de\/?p=266","title":{"rendered":"Eiche Winterstra\u00dfe"},"content":{"rendered":"<p><a href=\"http:\/\/www.bielefelder-baeume.de\/wp-content\/uploads\/2008\/09\/winterstr-tuetb1.JPG\" title=\"Eiche Quelle Winterstr 1\"><img src=\"http:\/\/www.bielefelder-baeume.de\/wp-content\/uploads\/2008\/09\/winterstr-tuetb1.thumbnail.JPG\" alt=\"Eiche Quelle Winterstr 1\" \/>\u00a0 <\/a><a href=\"http:\/\/www.bielefelder-baeume.de\/wp-content\/uploads\/2008\/09\/winterstr-tuetb2.JPG\" title=\"Eiche Quelle Winterstr 2\"><img src=\"http:\/\/www.bielefelder-baeume.de\/wp-content\/uploads\/2008\/09\/winterstr-tuetb2.thumbnail.JPG\" alt=\"Eiche Quelle Winterstr 2\" \/><\/a><\/p>\n<p><strong>Ort:<\/strong> Winterstra\u00dfe, N\u00e4he T\u00fcterbach<br \/>\n<strong>Baumart:<\/strong> Eiche (gesch\u00fctztes <a href=\"http:\/\/www.bielefeld.de\/de\/un\/nala\/nato\/\">Naturdenkmal<\/a>)<br \/>\n<strong>Foto:<\/strong> Umweltamt der Stadt Bielefeld<br \/>\n<strong>Zeit:<\/strong> Juli 2007<\/p>\n","protected":false},"excerpt":{"rendered":"<p>\u00a0 Ort: Winterstra\u00dfe, N\u00e4he T\u00fcterbach Baumart: Eiche (gesch\u00fctztes Naturdenkmal) Foto: Umweltamt der Stadt Bielefeld Zeit: Juli 2007<\/p>\n","protected":false},"author":2,"featured_media":0,"comment_status":"open","ping_status":"open","sticky":false,"template":"","format":"standard","meta":[],"categories":[11],"tags":[],"_links":{"self":[{"href":"https:\/\/www.bielefelder-baeume.de\/index.php?rest_route=\/wp\/v2\/posts\/266"}],"collection":[{"href":"https:\/\/www.bielefelder-baeume.de\/index.php?rest_route=\/wp\/v2\/posts"}],"about":[{"href":"https:\/\/www.bielefelder-baeume.de\/index.php?rest_route=\/wp\/v2\/types\/post"}],"author":[{"embeddable":true,"href":"https:\/\/www.bielefelder-baeume.de\/index.php?rest_route=\/wp\/v2\/users\/2"}],"replies":[{"embeddable":true,"href":"https:\/\/www.bielefelder-baeume.de\/index.php?rest_route=%2Fwp%2Fv2%2Fcomments&post=266"}],"version-history":[{"count":0,"href":"https:\/\/www.bielefelder-baeume.de\/index.php?rest_route=\/wp\/v2\/posts\/266\/revisions"}],"wp:attachment":[{"href":"https:\/\/www.bielefelder-baeume.de\/index.php?rest_route=%2Fwp%2Fv2%2Fmedia&parent=266"}],"wp:term":[{"taxonomy":"category","embeddable":true,"href":"https:\/\/www.bielefelder-baeume.de\/index.php?rest_route=%2Fwp%2Fv2%2Fcategories&post=266"},{"taxonomy":"post_tag","embeddable":true,"href":"https:\/\/www.bielefelder-baeume.de\/index.php?rest_route=%2Fwp%2Fv2%2Ftags&post=266"}],"curies":[{"name":"wp","href":"https:\/\/api.w.org\/{rel}","templated":true}]}}