{"id":333,"date":"2009-05-28T11:59:31","date_gmt":"2009-05-28T09:59:31","guid":{"rendered":"http:\/\/www.bielefelder-baeume.de\/?p=333"},"modified":"2011-12-17T20:22:06","modified_gmt":"2011-12-17T18:22:06","slug":"rosskastanie-am-kamphof","status":"publish","type":"post","link":"https:\/\/www.bielefelder-baeume.de\/?p=333","title":{"rendered":"Rosskastanie und Kotten am Kamphof"},"content":{"rendered":"<p><a href=\"http:\/\/www.bielefelder-baeume.de\/wp-content\/uploads\/2009\/05\/morgen_kastanie_www.jpg\" title=\"Kastanie am Kamphof, morgens\"><img src=\"http:\/\/www.bielefelder-baeume.de\/wp-content\/uploads\/2009\/05\/morgen_kastanie_www.thumbnail.jpg\" alt=\"Kastanie am Kamphof, morgens\" \/><\/a>\u00a0 <a href=\"http:\/\/www.bielefelder-baeume.de\/wp-content\/uploads\/2009\/05\/abend_kastanie_www.jpg\" title=\"Kastanie am Kamphof, abends\"><img src=\"http:\/\/www.bielefelder-baeume.de\/wp-content\/uploads\/2009\/05\/abend_kastanie_www.thumbnail.jpg\" alt=\"Kastanie am Kamphof, abends\" \/><\/a>\u00a0 <a href=\"http:\/\/www.bielefelder-baeume.de\/wp-content\/uploads\/2011\/12\/kotten1.JPG\" title=\"Kotten Heinrich-Koch-Str\"><img src=\"http:\/\/www.bielefelder-baeume.de\/wp-content\/uploads\/2011\/12\/kotten1.thumbnail.JPG\" alt=\"Kotten Heinrich-Koch-Str\" \/><\/a>\u00a0 <a href=\"http:\/\/www.bielefelder-baeume.de\/wp-content\/uploads\/2011\/12\/k-heinrich-koch-str_nacht2.JPG\" title=\"rosskastanie kamphof nacht\"><img src=\"http:\/\/www.bielefelder-baeume.de\/wp-content\/uploads\/2011\/12\/k-heinrich-koch-str_nacht2.thumbnail.JPG\" alt=\"rosskastanie kamphof nacht\" \/><\/a>\u00a0\u00a0<a href=\"http:\/\/www.bielefelder-baeume.de\/wp-content\/uploads\/2009\/05\/abend_kastanie_www.jpg\" title=\"Kastanie am Kamphof, abends\"> <\/a><\/p>\n<p><strong>Ort: <\/strong>Heinrich-Koch-Str. Ecke Am Kamphof (Park zw. Nordstr. und OWD)<br \/>\n<strong>Baumart: <\/strong>Rosskastanie (1.v.li. morgens, 2.v.li. abends, re. nachts)<br \/>\n<strong>Fotos: <\/strong>anonym; Jens J. Korff<br \/>\n<strong>Zeit: <\/strong>Fr\u00fchjahr 2009; August 2007; M\u00e4rz 2010<\/p>\n<p>Die Rosskastanie geh\u00f6rt zu einem alten Kotten. Unmittelbar hinter dem Kotten verl\u00e4uft die Auffahrt Ernst-Rein-Stra\u00dfe zum Ostwestfalendamm. Ein \u00dcberbleibsel aus dem 19. Jahrhundert: Damals waren hier nur Bauernh\u00f6fe, \u00c4cker, Wiesen und Weiden.<\/p>\n","protected":false},"excerpt":{"rendered":"<p>\u00a0 \u00a0 \u00a0 \u00a0\u00a0 Ort: Heinrich-Koch-Str. Ecke Am Kamphof (Park zw. Nordstr. und OWD) Baumart: Rosskastanie (1.v.li. morgens, 2.v.li. abends, re. nachts) Fotos: anonym; Jens J. Korff Zeit: Fr\u00fchjahr 2009; August 2007; M\u00e4rz 2010 Die Rosskastanie geh\u00f6rt zu einem alten Kotten. Unmittelbar hinter dem Kotten verl\u00e4uft die Auffahrt Ernst-Rein-Stra\u00dfe zum Ostwestfalendamm. Ein \u00dcberbleibsel aus dem [&hellip;]<\/p>\n","protected":false},"author":2,"featured_media":0,"comment_status":"open","ping_status":"open","sticky":false,"template":"","format":"standard","meta":[],"categories":[38],"tags":[],"_links":{"self":[{"href":"https:\/\/www.bielefelder-baeume.de\/index.php?rest_route=\/wp\/v2\/posts\/333"}],"collection":[{"href":"https:\/\/www.bielefelder-baeume.de\/index.php?rest_route=\/wp\/v2\/posts"}],"about":[{"href":"https:\/\/www.bielefelder-baeume.de\/index.php?rest_route=\/wp\/v2\/types\/post"}],"author":[{"embeddable":true,"href":"https:\/\/www.bielefelder-baeume.de\/index.php?rest_route=\/wp\/v2\/users\/2"}],"replies":[{"embeddable":true,"href":"https:\/\/www.bielefelder-baeume.de\/index.php?rest_route=%2Fwp%2Fv2%2Fcomments&post=333"}],"version-history":[{"count":0,"href":"https:\/\/www.bielefelder-baeume.de\/index.php?rest_route=\/wp\/v2\/posts\/333\/revisions"}],"wp:attachment":[{"href":"https:\/\/www.bielefelder-baeume.de\/index.php?rest_route=%2Fwp%2Fv2%2Fmedia&parent=333"}],"wp:term":[{"taxonomy":"category","embeddable":true,"href":"https:\/\/www.bielefelder-baeume.de\/index.php?rest_route=%2Fwp%2Fv2%2Fcategories&post=333"},{"taxonomy":"post_tag","embeddable":true,"href":"https:\/\/www.bielefelder-baeume.de\/index.php?rest_route=%2Fwp%2Fv2%2Ftags&post=333"}],"curies":[{"name":"wp","href":"https:\/\/api.w.org\/{rel}","templated":true}]}}