{"id":374,"date":"2010-01-22T18:50:50","date_gmt":"2010-01-22T16:50:50","guid":{"rendered":"http:\/\/www.bielefelder-baeume.de\/?p=374"},"modified":"2020-07-14T13:01:53","modified_gmt":"2020-07-14T11:01:53","slug":"eichen-am-bahnhof-brake","status":"publish","type":"post","link":"https:\/\/www.bielefelder-baeume.de\/?p=374","title":{"rendered":"Eichen und Hainbuche am Bahnhof Brake"},"content":{"rendered":"<p><a title=\"Bahnhof Brake 1\" href=\"http:\/\/www.bielefelder-baeume.de\/wp-content\/uploads\/2010\/01\/brake-bf1.jpg\"><img src=\"http:\/\/www.bielefelder-baeume.de\/wp-content\/uploads\/2010\/01\/brake-bf1.thumbnail.jpg\" alt=\"Bahnhof Brake 1\" \/> <\/a><a title=\"Bahnhof Brake 2\" href=\"http:\/\/www.bielefelder-baeume.de\/wp-content\/uploads\/2010\/01\/brake-bf2.jpg\"><img src=\"http:\/\/www.bielefelder-baeume.de\/wp-content\/uploads\/2010\/01\/brake-bf2.thumbnail.jpg\" alt=\"Bahnhof Brake 2\" \/>\u00a0<\/a><\/p>\n<p><strong>Ort:<\/strong> Gastst\u00e4tte &#8222;Birder&#8217;s&#8220; (sp\u00e4ter &#8222;Stellwerk&#8220;) am Bahnhof Brake<br \/>\n<strong>Baumarten:<\/strong>\u00a0Hainbuche\u00a0(Foto 1 u. 2) und Stiel-Eichen (Fotos 3-5)<br \/>\n<strong>Zeit:<\/strong> Juni 2009<br \/>\n<strong>Fotos:<\/strong> Jens J. Korff<!--more--><\/p>\n<p><a title=\"Bahnhof Brake 3\" href=\"http:\/\/www.bielefelder-baeume.de\/wp-content\/uploads\/2010\/01\/brake-bf3.jpg\"><img src=\"http:\/\/www.bielefelder-baeume.de\/wp-content\/uploads\/2010\/01\/brake-bf3.thumbnail.jpg\" alt=\"Bahnhof Brake 3\" \/> <\/a><a title=\"Bahnhof Brake 4\" href=\"http:\/\/www.bielefelder-baeume.de\/wp-content\/uploads\/2010\/01\/brake-bf4.jpg\"><img src=\"http:\/\/www.bielefelder-baeume.de\/wp-content\/uploads\/2010\/01\/brake-bf4.thumbnail.jpg\" alt=\"Bahnhof Brake 4\" \/> <\/a><a title=\"Bahnhof Brake 5\" href=\"http:\/\/www.bielefelder-baeume.de\/wp-content\/uploads\/2010\/01\/brake-bf6.jpg\"><img src=\"http:\/\/www.bielefelder-baeume.de\/wp-content\/uploads\/2010\/01\/brake-bf6.thumbnail.jpg\" alt=\"Bahnhof Brake 5\" \/><\/a><\/p>\n<p>Die <a href=\"http:\/\/www.bielefelder-baeume.de\/?p=1770\">Doppeleiche<\/a> hinter der Gastst\u00e4tte (inzwischen &#8222;Stellwerk&#8220;) wurde 2017 wegen eines Neubauprojektes auf dem Nachbargrundst\u00fcck trotz vieler Proteste gef\u00e4llt.<\/p>\n","protected":false},"excerpt":{"rendered":"<p>\u00a0 Ort: Gastst\u00e4tte &#8222;Birder&#8217;s&#8220; (sp\u00e4ter &#8222;Stellwerk&#8220;) am Bahnhof Brake Baumarten:\u00a0Hainbuche\u00a0(Foto 1 u. 2) und Stiel-Eichen (Fotos 3-5) Zeit: Juni 2009 Fotos: Jens J. Korff<\/p>\n","protected":false},"author":2,"featured_media":0,"comment_status":"open","ping_status":"open","sticky":false,"template":"","format":"standard","meta":[],"categories":[13],"tags":[47,61],"_links":{"self":[{"href":"https:\/\/www.bielefelder-baeume.de\/index.php?rest_route=\/wp\/v2\/posts\/374"}],"collection":[{"href":"https:\/\/www.bielefelder-baeume.de\/index.php?rest_route=\/wp\/v2\/posts"}],"about":[{"href":"https:\/\/www.bielefelder-baeume.de\/index.php?rest_route=\/wp\/v2\/types\/post"}],"author":[{"embeddable":true,"href":"https:\/\/www.bielefelder-baeume.de\/index.php?rest_route=\/wp\/v2\/users\/2"}],"replies":[{"embeddable":true,"href":"https:\/\/www.bielefelder-baeume.de\/index.php?rest_route=%2Fwp%2Fv2%2Fcomments&post=374"}],"version-history":[{"count":3,"href":"https:\/\/www.bielefelder-baeume.de\/index.php?rest_route=\/wp\/v2\/posts\/374\/revisions"}],"predecessor-version":[{"id":2236,"href":"https:\/\/www.bielefelder-baeume.de\/index.php?rest_route=\/wp\/v2\/posts\/374\/revisions\/2236"}],"wp:attachment":[{"href":"https:\/\/www.bielefelder-baeume.de\/index.php?rest_route=%2Fwp%2Fv2%2Fmedia&parent=374"}],"wp:term":[{"taxonomy":"category","embeddable":true,"href":"https:\/\/www.bielefelder-baeume.de\/index.php?rest_route=%2Fwp%2Fv2%2Fcategories&post=374"},{"taxonomy":"post_tag","embeddable":true,"href":"https:\/\/www.bielefelder-baeume.de\/index.php?rest_route=%2Fwp%2Fv2%2Ftags&post=374"}],"curies":[{"name":"wp","href":"https:\/\/api.w.org\/{rel}","templated":true}]}}