{"id":387,"date":"2010-03-26T12:29:31","date_gmt":"2010-03-26T10:29:31","guid":{"rendered":"http:\/\/www.bielefelder-baeume.de\/?p=387"},"modified":"2010-03-26T12:29:31","modified_gmt":"2010-03-26T10:29:31","slug":"kopfweide-in-grunanlage-schlangenstrase","status":"publish","type":"post","link":"https:\/\/www.bielefelder-baeume.de\/?p=387","title":{"rendered":"Kopfweide in Gr\u00fcnanlage Schlangenstra\u00dfe"},"content":{"rendered":"<p>\u00a0<a href=\"http:\/\/www.bielefelder-baeume.de\/wp-content\/uploads\/2010\/03\/weide-grossmann1k.jpg\" title=\"Kopfweide Schlangenstr.\"><img src=\"http:\/\/www.bielefelder-baeume.de\/wp-content\/uploads\/2010\/03\/weide-grossmann1k.thumbnail.jpg\" alt=\"Kopfweide Schlangenstr.\" \/><\/a>\u00a0 <a href=\"http:\/\/www.bielefelder-baeume.de\/wp-content\/uploads\/2010\/03\/weide-grossmann2k.jpg\" title=\"Kopfweide Schlangenstr.\"><img src=\"http:\/\/www.bielefelder-baeume.de\/wp-content\/uploads\/2010\/03\/weide-grossmann2k.thumbnail.jpg\" alt=\"Kopfweide Schlangenstr.\" \/><\/a><\/p>\n<p><strong>Ort:<\/strong> Gr\u00fcnanlage zw. Schlangenstr., Zaunk\u00f6nigweg und Buchfinkenweg<br \/>\n<strong>Baumart: <\/strong>Trauerweide?<br \/>\n<strong>Foto:<\/strong> Michael Gro\u00dfmann<br \/>\n<strong>Zeit:<\/strong> M\u00e4rz 2010<\/p>\n","protected":false},"excerpt":{"rendered":"<p>\u00a0\u00a0 Ort: Gr\u00fcnanlage zw. Schlangenstr., Zaunk\u00f6nigweg und Buchfinkenweg Baumart: Trauerweide? Foto: Michael Gro\u00dfmann Zeit: M\u00e4rz 2010<\/p>\n","protected":false},"author":2,"featured_media":0,"comment_status":"closed","ping_status":"open","sticky":false,"template":"","format":"standard","meta":[],"categories":[9],"tags":[],"_links":{"self":[{"href":"https:\/\/www.bielefelder-baeume.de\/index.php?rest_route=\/wp\/v2\/posts\/387"}],"collection":[{"href":"https:\/\/www.bielefelder-baeume.de\/index.php?rest_route=\/wp\/v2\/posts"}],"about":[{"href":"https:\/\/www.bielefelder-baeume.de\/index.php?rest_route=\/wp\/v2\/types\/post"}],"author":[{"embeddable":true,"href":"https:\/\/www.bielefelder-baeume.de\/index.php?rest_route=\/wp\/v2\/users\/2"}],"replies":[{"embeddable":true,"href":"https:\/\/www.bielefelder-baeume.de\/index.php?rest_route=%2Fwp%2Fv2%2Fcomments&post=387"}],"version-history":[{"count":0,"href":"https:\/\/www.bielefelder-baeume.de\/index.php?rest_route=\/wp\/v2\/posts\/387\/revisions"}],"wp:attachment":[{"href":"https:\/\/www.bielefelder-baeume.de\/index.php?rest_route=%2Fwp%2Fv2%2Fmedia&parent=387"}],"wp:term":[{"taxonomy":"category","embeddable":true,"href":"https:\/\/www.bielefelder-baeume.de\/index.php?rest_route=%2Fwp%2Fv2%2Fcategories&post=387"},{"taxonomy":"post_tag","embeddable":true,"href":"https:\/\/www.bielefelder-baeume.de\/index.php?rest_route=%2Fwp%2Fv2%2Ftags&post=387"}],"curies":[{"name":"wp","href":"https:\/\/api.w.org\/{rel}","templated":true}]}}