{"id":531,"date":"2011-05-01T14:56:31","date_gmt":"2011-05-01T12:56:31","guid":{"rendered":"http:\/\/www.bielefelder-baeume.de\/?p=531"},"modified":"2014-08-21T15:02:07","modified_gmt":"2014-08-21T13:02:07","slug":"blick-von-der-sparrenburg-auf-die-neustadter-marienkirche","status":"publish","type":"post","link":"https:\/\/www.bielefelder-baeume.de\/?p=531","title":{"rendered":"Blick von der Sparrenburg auf die Neust\u00e4dter Marienkirche"},"content":{"rendered":"<p>\u00a0<a href=\"http:\/\/www.bielefelder-baeume.de\/wp-content\/uploads\/2011\/05\/k-s7006161.JPG\" title=\"Sparrenburg-Neustaedter-Kirche\"><img src=\"http:\/\/www.bielefelder-baeume.de\/wp-content\/uploads\/2011\/05\/k-s7006161.thumbnail.JPG\" alt=\"Sparrenburg-Neustaedter-Kirche\" \/><\/a><\/p>\n<p><strong>Ort:<\/strong> Sparrenburg, Blick zur Neust\u00e4dter Marienkirche<br \/>\n<strong>Baumarten:<\/strong> div. (hellgr\u00fcn: Ahorn)<br \/>\n<strong>Zeit:<\/strong> M\u00e4rz 2011<br \/>\n<strong>Foto:<\/strong> Jens J. Korff<\/p>\n","protected":false},"excerpt":{"rendered":"<p>\u00a0 Ort: Sparrenburg, Blick zur Neust\u00e4dter Marienkirche Baumarten: div. (hellgr\u00fcn: Ahorn) Zeit: M\u00e4rz 2011 Foto: Jens J. Korff<\/p>\n","protected":false},"author":2,"featured_media":0,"comment_status":"open","ping_status":"closed","sticky":false,"template":"","format":"standard","meta":[],"categories":[7],"tags":[43,53],"_links":{"self":[{"href":"https:\/\/www.bielefelder-baeume.de\/index.php?rest_route=\/wp\/v2\/posts\/531"}],"collection":[{"href":"https:\/\/www.bielefelder-baeume.de\/index.php?rest_route=\/wp\/v2\/posts"}],"about":[{"href":"https:\/\/www.bielefelder-baeume.de\/index.php?rest_route=\/wp\/v2\/types\/post"}],"author":[{"embeddable":true,"href":"https:\/\/www.bielefelder-baeume.de\/index.php?rest_route=\/wp\/v2\/users\/2"}],"replies":[{"embeddable":true,"href":"https:\/\/www.bielefelder-baeume.de\/index.php?rest_route=%2Fwp%2Fv2%2Fcomments&post=531"}],"version-history":[{"count":1,"href":"https:\/\/www.bielefelder-baeume.de\/index.php?rest_route=\/wp\/v2\/posts\/531\/revisions"}],"predecessor-version":[{"id":1119,"href":"https:\/\/www.bielefelder-baeume.de\/index.php?rest_route=\/wp\/v2\/posts\/531\/revisions\/1119"}],"wp:attachment":[{"href":"https:\/\/www.bielefelder-baeume.de\/index.php?rest_route=%2Fwp%2Fv2%2Fmedia&parent=531"}],"wp:term":[{"taxonomy":"category","embeddable":true,"href":"https:\/\/www.bielefelder-baeume.de\/index.php?rest_route=%2Fwp%2Fv2%2Fcategories&post=531"},{"taxonomy":"post_tag","embeddable":true,"href":"https:\/\/www.bielefelder-baeume.de\/index.php?rest_route=%2Fwp%2Fv2%2Ftags&post=531"}],"curies":[{"name":"wp","href":"https:\/\/api.w.org\/{rel}","templated":true}]}}