{"id":533,"date":"2011-05-01T15:11:58","date_gmt":"2011-05-01T13:11:58","guid":{"rendered":"http:\/\/www.bielefelder-baeume.de\/?p=533"},"modified":"2015-01-22T13:15:07","modified_gmt":"2015-01-22T11:15:07","slug":"friedenslinde-neustadter-marienkirche","status":"publish","type":"post","link":"https:\/\/www.bielefelder-baeume.de\/?p=533","title":{"rendered":"Friedenslinde Neust\u00e4dter Marienkirche (Zwitscherbaum 2014)"},"content":{"rendered":"<p><a href=\"http:\/\/www.bielefelder-baeume.de\/wp-content\/uploads\/2011\/05\/S70061662.jpg\"><img loading=\"lazy\" class=\"alignnone  wp-image-875\" alt=\"\" src=\"http:\/\/www.bielefelder-baeume.de\/wp-content\/uploads\/2011\/05\/S70061662-300x400.jpg\" width=\"180\" height=\"240\" srcset=\"https:\/\/www.bielefelder-baeume.de\/wp-content\/uploads\/2011\/05\/S70061662-300x400.jpg 300w, https:\/\/www.bielefelder-baeume.de\/wp-content\/uploads\/2011\/05\/S70061662-130x173.jpg 130w, https:\/\/www.bielefelder-baeume.de\/wp-content\/uploads\/2011\/05\/S70061662-640x853.jpg 640w, https:\/\/www.bielefelder-baeume.de\/wp-content\/uploads\/2011\/05\/S70061662.jpg 1536w\" sizes=\"(max-width: 180px) 100vw, 180px\" \/><\/a>\u00a0\u00a0 <a href=\"http:\/\/www.bielefelder-baeume.de\/wp-content\/uploads\/2011\/05\/k-s7006167.JPG\"><img loading=\"lazy\" class=\"alignnone  wp-image-536\" alt=\"Friedenslinde3\" src=\"http:\/\/www.bielefelder-baeume.de\/wp-content\/uploads\/2011\/05\/k-s7006167.JPG\" width=\"318\" height=\"237\" \/><\/a><\/p>\n<p><a href=\"http:\/\/www.bielefeld01.de\/fachdaten\/naturdenkmaeler_exp\/MIT-B057\/thumb.html\">Weitere Fotos des Umweltamtes<\/a><\/p>\n<p><strong>Ort:<\/strong> Kreuzstra\u00dfe\/Papenmarkt, Neust\u00e4dter Marienkirche<br \/>\n<strong>Baumart:<\/strong> Linde (gesch\u00fctztes <a href=\"http:\/\/www.bielefeld.de\/de\/un\/nala\/nato\/\">Naturdenkmal<\/a>)<br \/>\n<strong>Zeit:<\/strong> M\u00e4rz 2011, M\u00e4rz 2014<br \/>\n<strong>Fotos:<\/strong> Jens J. Korff<br \/>\n<strong>Station <\/strong>auf dem Rundgang zu den <a href=\"http:\/\/www.bielefelder-baeume.de\/?p=692\">sch\u00f6nsten B\u00e4umen von Bielefeld<\/a><!--more--><a href=\"http:\/\/www.bielefelder-baeume.de\/wp-content\/uploads\/2015\/01\/Friedenslinde3.jpg\"><img loading=\"lazy\" class=\"alignnone size-medium wp-image-1282\" alt=\"Friedenslinde3\" src=\"http:\/\/www.bielefelder-baeume.de\/wp-content\/uploads\/2015\/01\/Friedenslinde3-300x225.jpg\" width=\"300\" height=\"225\" srcset=\"https:\/\/www.bielefelder-baeume.de\/wp-content\/uploads\/2015\/01\/Friedenslinde3-300x225.jpg 300w, https:\/\/www.bielefelder-baeume.de\/wp-content\/uploads\/2015\/01\/Friedenslinde3-130x97.jpg 130w, https:\/\/www.bielefelder-baeume.de\/wp-content\/uploads\/2015\/01\/Friedenslinde3-640x480.jpg 640w, https:\/\/www.bielefelder-baeume.de\/wp-content\/uploads\/2015\/01\/Friedenslinde3.jpg 1024w\" sizes=\"(max-width: 300px) 100vw, 300px\" \/><\/a> <a href=\"http:\/\/www.bielefelder-baeume.de\/wp-content\/uploads\/2015\/01\/Friedenslinde2.jpg\"><img loading=\"lazy\" class=\"alignnone size-medium wp-image-1281\" alt=\"Friedenslinde2\" src=\"http:\/\/www.bielefelder-baeume.de\/wp-content\/uploads\/2015\/01\/Friedenslinde2-300x225.jpg\" width=\"300\" height=\"225\" srcset=\"https:\/\/www.bielefelder-baeume.de\/wp-content\/uploads\/2015\/01\/Friedenslinde2-300x225.jpg 300w, https:\/\/www.bielefelder-baeume.de\/wp-content\/uploads\/2015\/01\/Friedenslinde2-130x97.jpg 130w, https:\/\/www.bielefelder-baeume.de\/wp-content\/uploads\/2015\/01\/Friedenslinde2-640x480.jpg 640w, https:\/\/www.bielefelder-baeume.de\/wp-content\/uploads\/2015\/01\/Friedenslinde2.jpg 1024w\" sizes=\"(max-width: 300px) 100vw, 300px\" \/><\/a><a href=\"http:\/\/www.bielefelder-baeume.de\/wp-content\/uploads\/2011\/05\/Friedenslinde1.jpg\"><img loading=\"lazy\" class=\"alignnone size-medium wp-image-1288\" alt=\"Friedenslinde1\" src=\"http:\/\/www.bielefelder-baeume.de\/wp-content\/uploads\/2011\/05\/Friedenslinde1-300x225.jpg\" width=\"300\" height=\"225\" srcset=\"https:\/\/www.bielefelder-baeume.de\/wp-content\/uploads\/2011\/05\/Friedenslinde1-300x225.jpg 300w, https:\/\/www.bielefelder-baeume.de\/wp-content\/uploads\/2011\/05\/Friedenslinde1-130x97.jpg 130w, https:\/\/www.bielefelder-baeume.de\/wp-content\/uploads\/2011\/05\/Friedenslinde1-640x480.jpg 640w, https:\/\/www.bielefelder-baeume.de\/wp-content\/uploads\/2011\/05\/Friedenslinde1.jpg 1024w\" sizes=\"(max-width: 300px) 100vw, 300px\" \/><\/a><\/p>\n<p>Die ehrw\u00fcrdige Linde erinnert an den Westf\u00e4lischen Frieden von 1648, zu dessen Anlass sie gepflanzt wurde. Mit einem Alter von 363 Jahren und einem Stammumfang von 6,26 m ist sie wahrscheinlich der \u00e4lteste Baum Bielefelds und der mit dem gr\u00f6\u00dften Stammumfang in Bielefeld. Damit ist sie nat\u00fcrlich auch einer der acht Stars der Aktion <strong>\u201c<a href=\"http:\/\/www.zwitschern-der-baeume.de\">Das Zwitschern der B\u00e4ume<\/a>\u201c<\/strong> \u2013 einem Beitrag des BUND Bielefeld zum Stadtjubil\u00e4um <a href=\"http:\/\/www.bielefeld800.de\">Bielefeld 800<\/a>. Sie wird von M\u00e4rz bis Oktober 2014 Geschichten aus ihrem \u00fcber 360-j\u00e4hrigen Leben und damit aus der Bielefelder Stadtgeschichte erz\u00e4hlen \u2013 und zwar ganz modern, via Facebook und Twitter. Bielefelder B\u00e4ume sind auf der H\u00f6he der Zeit!<\/p>\n<p>Was haben Sie denn schon alles in oder bei der Neust\u00e4dter Marienkirche, in der Kreuzstra\u00dfe oder am Naturkundemuseum erlebt, unter den Augen der Friedenslinde? Bitte lassen Sie es uns wissen, damit wir n\u00e4chstes Jahr genug interessanten Stoff haben, den die H\u00e4ngebuche bezwitschern und berascheln kann. Oder werden Sie Baumpate! Besuchen Sie die die alte, doch sehr r\u00fcstige Linde regelm\u00e4\u00dfig und berichten Sie uns, was sie aktuell gerade treibt. Kontakt: <a href=\"mailto:info@korfftext.de\">korfftext <\/a><!--more--><\/p>\n","protected":false},"excerpt":{"rendered":"<p>\u00a0\u00a0 Weitere Fotos des Umweltamtes Ort: Kreuzstra\u00dfe\/Papenmarkt, Neust\u00e4dter Marienkirche Baumart: Linde (gesch\u00fctztes Naturdenkmal) Zeit: M\u00e4rz 2011, M\u00e4rz 2014 Fotos: Jens J. Korff Station auf dem Rundgang zu den sch\u00f6nsten B\u00e4umen von Bielefeld<\/p>\n","protected":false},"author":2,"featured_media":0,"comment_status":"open","ping_status":"closed","sticky":false,"template":"","format":"standard","meta":[],"categories":[7],"tags":[53],"_links":{"self":[{"href":"https:\/\/www.bielefelder-baeume.de\/index.php?rest_route=\/wp\/v2\/posts\/533"}],"collection":[{"href":"https:\/\/www.bielefelder-baeume.de\/index.php?rest_route=\/wp\/v2\/posts"}],"about":[{"href":"https:\/\/www.bielefelder-baeume.de\/index.php?rest_route=\/wp\/v2\/types\/post"}],"author":[{"embeddable":true,"href":"https:\/\/www.bielefelder-baeume.de\/index.php?rest_route=\/wp\/v2\/users\/2"}],"replies":[{"embeddable":true,"href":"https:\/\/www.bielefelder-baeume.de\/index.php?rest_route=%2Fwp%2Fv2%2Fcomments&post=533"}],"version-history":[{"count":6,"href":"https:\/\/www.bielefelder-baeume.de\/index.php?rest_route=\/wp\/v2\/posts\/533\/revisions"}],"predecessor-version":[{"id":1289,"href":"https:\/\/www.bielefelder-baeume.de\/index.php?rest_route=\/wp\/v2\/posts\/533\/revisions\/1289"}],"wp:attachment":[{"href":"https:\/\/www.bielefelder-baeume.de\/index.php?rest_route=%2Fwp%2Fv2%2Fmedia&parent=533"}],"wp:term":[{"taxonomy":"category","embeddable":true,"href":"https:\/\/www.bielefelder-baeume.de\/index.php?rest_route=%2Fwp%2Fv2%2Fcategories&post=533"},{"taxonomy":"post_tag","embeddable":true,"href":"https:\/\/www.bielefelder-baeume.de\/index.php?rest_route=%2Fwp%2Fv2%2Ftags&post=533"}],"curies":[{"name":"wp","href":"https:\/\/api.w.org\/{rel}","templated":true}]}}