{"id":585,"date":"2011-09-23T19:21:34","date_gmt":"2011-09-23T17:21:34","guid":{"rendered":"http:\/\/www.bielefelder-baeume.de\/?p=585"},"modified":"2014-08-21T14:57:58","modified_gmt":"2014-08-21T12:57:58","slug":"fichten-gronauer-strase","status":"publish","type":"post","link":"https:\/\/www.bielefelder-baeume.de\/?p=585","title":{"rendered":"Fichten und Kiefer Gronauer Stra\u00dfe"},"content":{"rendered":"<p>\u00a0<a href=\"http:\/\/www.bielefelder-baeume.de\/wp-content\/uploads\/2011\/09\/kiefer_gronauerstr-k.JPG\" title=\"Kiefer Gronauer Str\"><img src=\"http:\/\/www.bielefelder-baeume.de\/wp-content\/uploads\/2011\/09\/kiefer_gronauerstr-k.thumbnail.JPG\" alt=\"Kiefer Gronauer Str\" \/><\/a>\u00a0 <a href=\"http:\/\/www.bielefelder-baeume.de\/wp-content\/uploads\/2011\/09\/fichten_gronauerstr-k.jpg\" title=\"Fichten Gronauer Str.\"><img src=\"http:\/\/www.bielefelder-baeume.de\/wp-content\/uploads\/2011\/09\/fichten_gronauerstr-k.thumbnail.jpg\" alt=\"Fichten Gronauer Str.\" \/><\/a>\u00a0 <a href=\"http:\/\/www.bielefelder-baeume.de\/wp-content\/uploads\/2011\/10\/kiefer.jpg\" title=\"Kiefer Gronauer Str\"><img src=\"http:\/\/www.bielefelder-baeume.de\/wp-content\/uploads\/2011\/10\/kiefer.thumbnail.jpg\" alt=\"Kiefer Gronauer Str\" \/><\/a><\/p>\n<p><strong>Ort:<\/strong> Gronauer Stra\u00dfe 13<br \/>\n<strong>Baumarten: <\/strong>Fichten; Kiefer (rechts)<br \/>\n<strong>Zeit:<\/strong> September 2011<br \/>\n<strong>Foto: <\/strong>Katrin Stiefel<\/p>\n<p>Leider wurden die B\u00e4ume kurz nach dem Fotografieren gef\u00e4llt, obwohl die gro\u00dfe  Mehrheit der Mieterinnen und Mieter sich dagegen ausgesprochen hatte. Zudem wurden  entgegen dem Beschluss der Eigent\u00fcmerversammlung zwei Fichten zu viel\u00a0gef\u00e4llt.  Die\u00a0B\u00e4ume\u00a0waren ein beliebter Lebensraum f\u00fcr Amseln, Elstern, Tauben, Blau-,  Kohl-, Hauben-\u00a0und Tannenmeisen. Sie haben Schatten gespendet und eine  gesch\u00fctzte Wohnatmosph\u00e4re geschaffen.<\/p>\n","protected":false},"excerpt":{"rendered":"<p>\u00a0\u00a0 \u00a0 Ort: Gronauer Stra\u00dfe 13 Baumarten: Fichten; Kiefer (rechts) Zeit: September 2011 Foto: Katrin Stiefel Leider wurden die B\u00e4ume kurz nach dem Fotografieren gef\u00e4llt, obwohl die gro\u00dfe Mehrheit der Mieterinnen und Mieter sich dagegen ausgesprochen hatte. Zudem wurden entgegen dem Beschluss der Eigent\u00fcmerversammlung zwei Fichten zu viel\u00a0gef\u00e4llt. Die\u00a0B\u00e4ume\u00a0waren ein beliebter Lebensraum f\u00fcr Amseln, Elstern, [&hellip;]<\/p>\n","protected":false},"author":2,"featured_media":0,"comment_status":"open","ping_status":"closed","sticky":false,"template":"","format":"standard","meta":[],"categories":[22],"tags":[49],"_links":{"self":[{"href":"https:\/\/www.bielefelder-baeume.de\/index.php?rest_route=\/wp\/v2\/posts\/585"}],"collection":[{"href":"https:\/\/www.bielefelder-baeume.de\/index.php?rest_route=\/wp\/v2\/posts"}],"about":[{"href":"https:\/\/www.bielefelder-baeume.de\/index.php?rest_route=\/wp\/v2\/types\/post"}],"author":[{"embeddable":true,"href":"https:\/\/www.bielefelder-baeume.de\/index.php?rest_route=\/wp\/v2\/users\/2"}],"replies":[{"embeddable":true,"href":"https:\/\/www.bielefelder-baeume.de\/index.php?rest_route=%2Fwp%2Fv2%2Fcomments&post=585"}],"version-history":[{"count":1,"href":"https:\/\/www.bielefelder-baeume.de\/index.php?rest_route=\/wp\/v2\/posts\/585\/revisions"}],"predecessor-version":[{"id":1105,"href":"https:\/\/www.bielefelder-baeume.de\/index.php?rest_route=\/wp\/v2\/posts\/585\/revisions\/1105"}],"wp:attachment":[{"href":"https:\/\/www.bielefelder-baeume.de\/index.php?rest_route=%2Fwp%2Fv2%2Fmedia&parent=585"}],"wp:term":[{"taxonomy":"category","embeddable":true,"href":"https:\/\/www.bielefelder-baeume.de\/index.php?rest_route=%2Fwp%2Fv2%2Fcategories&post=585"},{"taxonomy":"post_tag","embeddable":true,"href":"https:\/\/www.bielefelder-baeume.de\/index.php?rest_route=%2Fwp%2Fv2%2Ftags&post=585"}],"curies":[{"name":"wp","href":"https:\/\/api.w.org\/{rel}","templated":true}]}}