{"id":655,"date":"2011-12-23T20:31:24","date_gmt":"2011-12-23T18:31:24","guid":{"rendered":"http:\/\/www.bielefelder-baeume.de\/?p=655"},"modified":"2014-08-21T14:52:06","modified_gmt":"2014-08-21T12:52:06","slug":"lindenallee-kampstrase","status":"publish","type":"post","link":"https:\/\/www.bielefelder-baeume.de\/?p=655","title":{"rendered":"Lindenallee Kampstra\u00dfe"},"content":{"rendered":"<p>\u00a0<a href=\"http:\/\/www.bielefelder-baeume.de\/wp-content\/uploads\/2011\/12\/k-kampstr.JPG\" title=\"Lindenallee Kampstr\"><img src=\"http:\/\/www.bielefelder-baeume.de\/wp-content\/uploads\/2011\/12\/k-kampstr.thumbnail.JPG\" alt=\"Lindenallee Kampstr\" \/><\/a><\/p>\n<p>Ort: Kampstra\u00dfe (N\u00e4he Flugplatz)<br \/>\nBaumart: Linden<br \/>\nZeit: Sept. 2010<br \/>\nFoto: Jens J. Korff<\/p>\n<p>Durch den Einsatz von Volker Wittenbrock von den Stadtwerken Bielefeld und <span style=\"font-size: 12pt; font-family: 'Times New Roman'\">Hans-Georg Hellermann<\/span> vom Bezirksamt wurde diese Lindenallee 2009 gerettet. Die B\u00e4ume gef\u00e4hrdeten eine Wasserleitung. Doch statt, wie sonst \u00fcblich, die &#8222;b\u00f6sen B\u00e4ume&#8220; zu f\u00e4llen, verlegten die Stadtwerke eine neue Wasserleitung links neben der Allee im Acker.<\/p>\n","protected":false},"excerpt":{"rendered":"<p>\u00a0 Ort: Kampstra\u00dfe (N\u00e4he Flugplatz) Baumart: Linden Zeit: Sept. 2010 Foto: Jens J. Korff Durch den Einsatz von Volker Wittenbrock von den Stadtwerken Bielefeld und Hans-Georg Hellermann vom Bezirksamt wurde diese Lindenallee 2009 gerettet. Die B\u00e4ume gef\u00e4hrdeten eine Wasserleitung. Doch statt, wie sonst \u00fcblich, die &#8222;b\u00f6sen B\u00e4ume&#8220; zu f\u00e4llen, verlegten die Stadtwerke eine neue Wasserleitung [&hellip;]<\/p>\n","protected":false},"author":2,"featured_media":0,"comment_status":"open","ping_status":"closed","sticky":false,"template":"","format":"standard","meta":[],"categories":[17],"tags":[53],"_links":{"self":[{"href":"https:\/\/www.bielefelder-baeume.de\/index.php?rest_route=\/wp\/v2\/posts\/655"}],"collection":[{"href":"https:\/\/www.bielefelder-baeume.de\/index.php?rest_route=\/wp\/v2\/posts"}],"about":[{"href":"https:\/\/www.bielefelder-baeume.de\/index.php?rest_route=\/wp\/v2\/types\/post"}],"author":[{"embeddable":true,"href":"https:\/\/www.bielefelder-baeume.de\/index.php?rest_route=\/wp\/v2\/users\/2"}],"replies":[{"embeddable":true,"href":"https:\/\/www.bielefelder-baeume.de\/index.php?rest_route=%2Fwp%2Fv2%2Fcomments&post=655"}],"version-history":[{"count":1,"href":"https:\/\/www.bielefelder-baeume.de\/index.php?rest_route=\/wp\/v2\/posts\/655\/revisions"}],"predecessor-version":[{"id":1087,"href":"https:\/\/www.bielefelder-baeume.de\/index.php?rest_route=\/wp\/v2\/posts\/655\/revisions\/1087"}],"wp:attachment":[{"href":"https:\/\/www.bielefelder-baeume.de\/index.php?rest_route=%2Fwp%2Fv2%2Fmedia&parent=655"}],"wp:term":[{"taxonomy":"category","embeddable":true,"href":"https:\/\/www.bielefelder-baeume.de\/index.php?rest_route=%2Fwp%2Fv2%2Fcategories&post=655"},{"taxonomy":"post_tag","embeddable":true,"href":"https:\/\/www.bielefelder-baeume.de\/index.php?rest_route=%2Fwp%2Fv2%2Ftags&post=655"}],"curies":[{"name":"wp","href":"https:\/\/api.w.org\/{rel}","templated":true}]}}