{"id":668,"date":"2011-12-23T22:59:15","date_gmt":"2011-12-23T20:59:15","guid":{"rendered":"http:\/\/www.bielefelder-baeume.de\/?p=668"},"modified":"2014-08-21T14:50:52","modified_gmt":"2014-08-21T12:50:52","slug":"eichenwaldchen-bei-schloss-holte","status":"publish","type":"post","link":"https:\/\/www.bielefelder-baeume.de\/?p=668","title":{"rendered":"Eichenw\u00e4ldchen bei Schloss Holte"},"content":{"rendered":"<p>\u00a0<a href=\"http:\/\/www.bielefelder-baeume.de\/wp-content\/uploads\/2011\/12\/s7005308.JPG\" title=\"Eichenw\u00e4ldchen Schloss Holte 1\"><img src=\"http:\/\/www.bielefelder-baeume.de\/wp-content\/uploads\/2011\/12\/s7005308.thumbnail.JPG\" alt=\"Eichenw\u00e4ldchen Schloss Holte 1\" \/><\/a> <a href=\"http:\/\/www.bielefelder-baeume.de\/wp-content\/uploads\/2011\/12\/s7005310.JPG\" title=\"Eichenw\u00e4ldchen Schloss Holte 2\"><img src=\"http:\/\/www.bielefelder-baeume.de\/wp-content\/uploads\/2011\/12\/s7005310.thumbnail.JPG\" alt=\"Eichenw\u00e4ldchen Schloss Holte 2\" \/><\/a> <a href=\"http:\/\/www.bielefelder-baeume.de\/wp-content\/uploads\/2011\/12\/s7005311.JPG\" title=\"Eichenw\u00e4ldchen Schloss Holte 3\"><img src=\"http:\/\/www.bielefelder-baeume.de\/wp-content\/uploads\/2011\/12\/s7005311.thumbnail.JPG\" alt=\"Eichenw\u00e4ldchen Schloss Holte 3\" \/><\/a> <a href=\"http:\/\/www.bielefelder-baeume.de\/wp-content\/uploads\/2011\/12\/s7005313.JPG\" title=\"Eichenw\u00e4ldchen Schloss Holte 4\"><img src=\"http:\/\/www.bielefelder-baeume.de\/wp-content\/uploads\/2011\/12\/s7005313.thumbnail.JPG\" alt=\"Eichenw\u00e4ldchen Schloss Holte 4\" \/><\/a><\/p>\n<p><strong>Ort: <\/strong>Schloss Holte, N\u00e4he Autobahnauffahrt Schloss Holte-Stukenbrock<br \/>\n<strong> Baumart: <\/strong>Eichen (gesch\u00fctzte Naturdenkm\u00e4ler)<br \/>\n<strong> Zeit: <\/strong>Sept. 2010<br \/>\n<strong> Fotos:<\/strong> Jens J. Korff<\/p>\n<p>Station auf der Fahrradexkursion der Gruppe Denkmal Baum durch den Bielefelder S\u00fcden.<\/p>\n","protected":false},"excerpt":{"rendered":"<p>\u00a0 Ort: Schloss Holte, N\u00e4he Autobahnauffahrt Schloss Holte-Stukenbrock Baumart: Eichen (gesch\u00fctzte Naturdenkm\u00e4ler) Zeit: Sept. 2010 Fotos: Jens J. Korff Station auf der Fahrradexkursion der Gruppe Denkmal Baum durch den Bielefelder S\u00fcden.<\/p>\n","protected":false},"author":2,"featured_media":0,"comment_status":"open","ping_status":"closed","sticky":false,"template":"","format":"standard","meta":[],"categories":[1],"tags":[47],"_links":{"self":[{"href":"https:\/\/www.bielefelder-baeume.de\/index.php?rest_route=\/wp\/v2\/posts\/668"}],"collection":[{"href":"https:\/\/www.bielefelder-baeume.de\/index.php?rest_route=\/wp\/v2\/posts"}],"about":[{"href":"https:\/\/www.bielefelder-baeume.de\/index.php?rest_route=\/wp\/v2\/types\/post"}],"author":[{"embeddable":true,"href":"https:\/\/www.bielefelder-baeume.de\/index.php?rest_route=\/wp\/v2\/users\/2"}],"replies":[{"embeddable":true,"href":"https:\/\/www.bielefelder-baeume.de\/index.php?rest_route=%2Fwp%2Fv2%2Fcomments&post=668"}],"version-history":[{"count":1,"href":"https:\/\/www.bielefelder-baeume.de\/index.php?rest_route=\/wp\/v2\/posts\/668\/revisions"}],"predecessor-version":[{"id":1083,"href":"https:\/\/www.bielefelder-baeume.de\/index.php?rest_route=\/wp\/v2\/posts\/668\/revisions\/1083"}],"wp:attachment":[{"href":"https:\/\/www.bielefelder-baeume.de\/index.php?rest_route=%2Fwp%2Fv2%2Fmedia&parent=668"}],"wp:term":[{"taxonomy":"category","embeddable":true,"href":"https:\/\/www.bielefelder-baeume.de\/index.php?rest_route=%2Fwp%2Fv2%2Fcategories&post=668"},{"taxonomy":"post_tag","embeddable":true,"href":"https:\/\/www.bielefelder-baeume.de\/index.php?rest_route=%2Fwp%2Fv2%2Ftags&post=668"}],"curies":[{"name":"wp","href":"https:\/\/api.w.org\/{rel}","templated":true}]}}