{"id":675,"date":"2011-12-23T23:07:54","date_gmt":"2011-12-23T21:07:54","guid":{"rendered":"http:\/\/www.bielefelder-baeume.de\/?p=675"},"modified":"2014-08-21T14:50:44","modified_gmt":"2014-08-21T12:50:44","slug":"tausendjahrige-eiche-im-holter-wald","status":"publish","type":"post","link":"https:\/\/www.bielefelder-baeume.de\/?p=675","title":{"rendered":"&#8222;Tausendj\u00e4hrige Eiche&#8220; im Holter Wald"},"content":{"rendered":"<p>\u00a0<a href=\"http:\/\/www.bielefelder-baeume.de\/wp-content\/uploads\/2011\/12\/s7005317.JPG\" title=\"Tausendj\u00e4hrige Eiche Holte 1\"><img src=\"http:\/\/www.bielefelder-baeume.de\/wp-content\/uploads\/2011\/12\/s7005317.thumbnail.JPG\" alt=\"Tausendj\u00e4hrige Eiche Holte 1\" \/><\/a> <a href=\"http:\/\/www.bielefelder-baeume.de\/wp-content\/uploads\/2011\/12\/s7005316.JPG\" title=\"Tausendj\u00e4hrige Eiche Holte 2\"><img src=\"http:\/\/www.bielefelder-baeume.de\/wp-content\/uploads\/2011\/12\/s7005316.thumbnail.JPG\" alt=\"Tausendj\u00e4hrige Eiche Holte 2\" \/><\/a> <a href=\"http:\/\/www.bielefelder-baeume.de\/wp-content\/uploads\/2011\/12\/s7005320.JPG\" title=\"Tausendj\u00e4hrige Eiche Holte 3\"><img src=\"http:\/\/www.bielefelder-baeume.de\/wp-content\/uploads\/2011\/12\/s7005320.thumbnail.JPG\" alt=\"Tausendj\u00e4hrige Eiche Holte 3\" \/><\/a> <a href=\"http:\/\/www.bielefelder-baeume.de\/wp-content\/uploads\/2011\/12\/s7005321.JPG\" title=\"Tausendj\u00e4hrige Eiche Holte 4\"><img src=\"http:\/\/www.bielefelder-baeume.de\/wp-content\/uploads\/2011\/12\/s7005321.thumbnail.JPG\" alt=\"Tausendj\u00e4hrige Eiche Holte 4\" \/><\/a> <a href=\"http:\/\/www.bielefelder-baeume.de\/wp-content\/uploads\/2011\/12\/s7005319.JPG\" title=\"Tausendj\u00e4hrige Eiche Holte 5\"><img src=\"http:\/\/www.bielefelder-baeume.de\/wp-content\/uploads\/2011\/12\/s7005319.thumbnail.JPG\" alt=\"Tausendj\u00e4hrige Eiche Holte 5\" \/><\/a><\/p>\n<p><strong>Ort:<\/strong> Schloss Holte, <a href=\"http:\/\/de.wikipedia.org\/wiki\/Holter_Wald\">Holter Wald<\/a><br \/>\n<strong>Baumart:<\/strong> Eiche, rd. 500 Jahre alt (gesch\u00fctztes Naturdenkmal)<br \/>\n<strong>Zeit: <\/strong>Sept. 2010<br \/>\n<strong>Fotos: <\/strong>Jens J. Korff<\/p>\n<p>Die rund 500j\u00e4hrige Eiche im Holter Wald steht etwas oberhalb des \u00d6lbachs. Ihre Krone wurde in den 1990er Jahren leider stark gestutzt. Station auf der Fahrradexkursion der Gruppe Denkmal Baum durch den Bielefelder S\u00fcden.<\/p>\n","protected":false},"excerpt":{"rendered":"<p>\u00a0 Ort: Schloss Holte, Holter Wald Baumart: Eiche, rd. 500 Jahre alt (gesch\u00fctztes Naturdenkmal) Zeit: Sept. 2010 Fotos: Jens J. Korff Die rund 500j\u00e4hrige Eiche im Holter Wald steht etwas oberhalb des \u00d6lbachs. Ihre Krone wurde in den 1990er Jahren leider stark gestutzt. Station auf der Fahrradexkursion der Gruppe Denkmal Baum durch den Bielefelder S\u00fcden.<\/p>\n","protected":false},"author":2,"featured_media":0,"comment_status":"open","ping_status":"closed","sticky":false,"template":"","format":"standard","meta":[],"categories":[1],"tags":[47],"_links":{"self":[{"href":"https:\/\/www.bielefelder-baeume.de\/index.php?rest_route=\/wp\/v2\/posts\/675"}],"collection":[{"href":"https:\/\/www.bielefelder-baeume.de\/index.php?rest_route=\/wp\/v2\/posts"}],"about":[{"href":"https:\/\/www.bielefelder-baeume.de\/index.php?rest_route=\/wp\/v2\/types\/post"}],"author":[{"embeddable":true,"href":"https:\/\/www.bielefelder-baeume.de\/index.php?rest_route=\/wp\/v2\/users\/2"}],"replies":[{"embeddable":true,"href":"https:\/\/www.bielefelder-baeume.de\/index.php?rest_route=%2Fwp%2Fv2%2Fcomments&post=675"}],"version-history":[{"count":1,"href":"https:\/\/www.bielefelder-baeume.de\/index.php?rest_route=\/wp\/v2\/posts\/675\/revisions"}],"predecessor-version":[{"id":1082,"href":"https:\/\/www.bielefelder-baeume.de\/index.php?rest_route=\/wp\/v2\/posts\/675\/revisions\/1082"}],"wp:attachment":[{"href":"https:\/\/www.bielefelder-baeume.de\/index.php?rest_route=%2Fwp%2Fv2%2Fmedia&parent=675"}],"wp:term":[{"taxonomy":"category","embeddable":true,"href":"https:\/\/www.bielefelder-baeume.de\/index.php?rest_route=%2Fwp%2Fv2%2Fcategories&post=675"},{"taxonomy":"post_tag","embeddable":true,"href":"https:\/\/www.bielefelder-baeume.de\/index.php?rest_route=%2Fwp%2Fv2%2Ftags&post=675"}],"curies":[{"name":"wp","href":"https:\/\/api.w.org\/{rel}","templated":true}]}}