{"id":690,"date":"2012-04-15T13:29:07","date_gmt":"2012-04-15T11:29:07","guid":{"rendered":"http:\/\/www.bielefelder-baeume.de\/?p=690"},"modified":"2014-08-21T14:49:38","modified_gmt":"2014-08-21T12:49:38","slug":"busexkursion-am-sonntag-22-april-2012","status":"publish","type":"post","link":"https:\/\/www.bielefelder-baeume.de\/?p=690","title":{"rendered":"Busexkursion am Sonntag, 22. April 2012"},"content":{"rendered":"<p style=\"font-family: Georgia\"><span style=\"font-weight: bold\"><\/span>siehe <a href=\"http:\/\/www.korfftext.de\/denkmalbaum\/Zeitreise_Paderborner-Land2012.doc.pdf\" rel=\"me\" target=\"_blank\">PDF-Anhang<\/a><\/p>\n<p style=\"font-family: Georgia\"> Ziele sind diesmal B\u00e4ume auf der <span style=\"font-weight: bold\">Paderborner Hochfl\u00e4che<\/span>, dem Rande des <span style=\"font-weight: bold\">Eggegebirges<\/span> und der <span style=\"font-weight: bold\">Soester B\u00f6rde<\/span>, u.a.:<!--more--><\/p>\n<ul>\n<li>Eine urw\u00fcchsige Flatterulme von 4,30 m Umfang und ein Feldahorn (140-200 Jahre, 5,80 m) in Paderborn-Marienloh<\/li>\n<li>Die knorrige Bilderstock-Linde in Paderborn-Elsen (7,60 m Umfang)<\/li>\n<li>Das Baumensemble um <a href=\"http:\/\/www.lwl.org\/LWL\/Kultur\/kloster-dalheim\/museum\/landesmuseum-fuer-klosterkultur\" rel=\"friend\">Kloster Dalheim<\/a>: der Alteichenhain, die Huser Linde (400 Jahre, 8,88 m), die Wucher-Eiche (400 Jahre, 7,00 m), die Wieseneiche im Apfelbaumgrund (300 Jahre, 4,60 m)<\/li>\n<li>Die \u201eSieben-Fenster\u201c-Hainbuche im <a href=\"http:\/\/www.siddinghausen-online.de\/1st-page.html\" rel=\"friend\">Golddorf Siddinghausen <\/a>(180-250 Jahre, Taille 4,60 m)<\/li>\n<li>Die grandiose Feldlinde bei Erwitte (500 Jahre, 7,90 m) \u2013 eine der sch\u00f6nsten Linden von NRW<\/li>\n<\/ul>\n<p style=\"font-family: Georgia\">Daneben gibt es nat\u00fcrlich wieder viele Geschichten und Wissenswertes \u00fcber B\u00e4ume.<br \/>\nDie B\u00e4ckerei Christoph Kaupmann in Senne sponsert unsere Fahrt mit einer kleinen \u00dcberraschung f\u00fcr jeden Teilnehmer.<br \/>\nFahren wird uns wie gewohnt Arndt-Reisen. Der Bus ist klimatisiert und verf\u00fcgt \u00fcber Bordk\u00fcche und Toilette.<br \/>\n<span style=\"font-weight: bold\">Abfahrtzeit:<\/span> So, den 22. April, p\u00fcnktlich um 8.00 Uhr.<br \/>\n<span style=\"font-weight: bold\">Startpunkt: <\/span>Bahnhofsvorplatz Bielefeld, auf der Mitte des Platzes<br \/>\n<span style=\"font-weight: bold\">Zustieg<\/span> in Paderborn-Marienloh m\u00f6glich!<br \/>\n<span style=\"font-weight: bold\">R\u00fcckkehr:<\/span> gegen 17.30 Uhr<br \/>\nWeitere Informationen im <a href=\"http:\/\/www.korfftext.de\/denkmalbaum\/Zeitreise_Paderborner-Land2012.doc.pdf\" rel=\"me\" target=\"_blank\">Anhang<\/a>.<br \/>\n<span style=\"font-weight: bold\">Anmeldung<\/span> bei der Gesch\u00e4ftsstelle des Naturwissenschaftlichen Vereins Bielefeld<br \/>\n0521-17 24 34 oder mwennnemann@web.de oder unter 0179- 22 91 620.<\/p>\n","protected":false},"excerpt":{"rendered":"<p>siehe PDF-Anhang Ziele sind diesmal B\u00e4ume auf der Paderborner Hochfl\u00e4che, dem Rande des Eggegebirges und der Soester B\u00f6rde, u.a.:<\/p>\n","protected":false},"author":2,"featured_media":0,"comment_status":"open","ping_status":"closed","sticky":false,"template":"","format":"standard","meta":[],"categories":[1],"tags":[51],"_links":{"self":[{"href":"https:\/\/www.bielefelder-baeume.de\/index.php?rest_route=\/wp\/v2\/posts\/690"}],"collection":[{"href":"https:\/\/www.bielefelder-baeume.de\/index.php?rest_route=\/wp\/v2\/posts"}],"about":[{"href":"https:\/\/www.bielefelder-baeume.de\/index.php?rest_route=\/wp\/v2\/types\/post"}],"author":[{"embeddable":true,"href":"https:\/\/www.bielefelder-baeume.de\/index.php?rest_route=\/wp\/v2\/users\/2"}],"replies":[{"embeddable":true,"href":"https:\/\/www.bielefelder-baeume.de\/index.php?rest_route=%2Fwp%2Fv2%2Fcomments&post=690"}],"version-history":[{"count":1,"href":"https:\/\/www.bielefelder-baeume.de\/index.php?rest_route=\/wp\/v2\/posts\/690\/revisions"}],"predecessor-version":[{"id":1079,"href":"https:\/\/www.bielefelder-baeume.de\/index.php?rest_route=\/wp\/v2\/posts\/690\/revisions\/1079"}],"wp:attachment":[{"href":"https:\/\/www.bielefelder-baeume.de\/index.php?rest_route=%2Fwp%2Fv2%2Fmedia&parent=690"}],"wp:term":[{"taxonomy":"category","embeddable":true,"href":"https:\/\/www.bielefelder-baeume.de\/index.php?rest_route=%2Fwp%2Fv2%2Fcategories&post=690"},{"taxonomy":"post_tag","embeddable":true,"href":"https:\/\/www.bielefelder-baeume.de\/index.php?rest_route=%2Fwp%2Fv2%2Ftags&post=690"}],"curies":[{"name":"wp","href":"https:\/\/api.w.org\/{rel}","templated":true}]}}