{"id":712,"date":"2012-11-22T12:28:27","date_gmt":"2012-11-22T10:28:27","guid":{"rendered":"http:\/\/www.bielefelder-baeume.de\/?p=712"},"modified":"2016-03-08T12:53:40","modified_gmt":"2016-03-08T10:53:40","slug":"gefahrdet-linde-wertherstrase","status":"publish","type":"post","link":"https:\/\/www.bielefelder-baeume.de\/?p=712","title":{"rendered":"Linde Wertherstra\u00dfe (gef\u00e4llt!)"},"content":{"rendered":"<p><a title=\"Linde Wertherstr.\" href=\"http:\/\/www.bielefelder-baeume.de\/wp-content\/uploads\/2012\/11\/linde_wertherstr800.jpg\"><img src=\"http:\/\/www.bielefelder-baeume.de\/wp-content\/uploads\/2012\/11\/linde_wertherstr800.thumbnail.jpg\" alt=\"Linde Wertherstr.\" \/><\/a><\/p>\n<p><strong>Ort:<\/strong> Wertherstra\u00dfe 264, H\u00f6he Wellensiek (Sparkasse)<br \/>\n<strong>Baumart:<\/strong> Linde<br \/>\n<strong>Zeit:<\/strong> September 2011<br \/>\n<strong>Foto:<\/strong> Jens J. Korff<\/p>\n<p>Weitere Fotos: <a href=\"http:\/\/wig-dornberg.de\/album-1\/slides\/100_3657.html\">WIG Dornberg<\/a><\/p>\n<p>Leider wurde diese sch\u00f6ne und auff\u00e4llige Linde f\u00fcr verkehrsunsicher erkl\u00e4rt und soll wahrscheinlich Anfang 2013 gef\u00e4llt werden, wenn die Stra\u00dfe dort umgestaltet wird. Anwohner vor Ort versuchen, den Baum zu verteidigen. Kontakt \u00fcber service@bund-bielefeld.de<\/p>\n<p>Bei einem Ortstermin am 23.11.2012 mit Stefan Meyer vom Umweltamt, Henning Hovermann vom Verkehrsamt, dem Anwohner Stefan Biermann und mir wurde deutlich, dass die \u00c4ste in der Krone der Linde gesch\u00e4digt sind und deshalb alle paar Jahre wegen der Verkehrssicherheit zur\u00fcckgeschnitten werden m\u00fcssen. Die Linde leidet unter den Autos, die permanent beim Ein- und Ausparken \u00fcber ihre Wurzeln fahren. Ein Baumgutachten hat 2009 ergeben, dass die Linde l\u00e4ngerfristig wohl kaum zu retten sei und durch den geplanten Stra\u00dfenumbau weiter gesch\u00e4digt w\u00fcrde. Deshalb k\u00f6nnte es sein, dass wir uns damit abfinden m\u00fcssen, dass ihre Tage gez\u00e4hlt sind. Wir pr\u00fcfen aber zurzeit das Gutachten.<\/p>\n<p>Jens J. Korff<\/p>\n<p>Anfang 2016 war die Linde verschwunden.<\/p>\n","protected":false},"excerpt":{"rendered":"<p>Ort: Wertherstra\u00dfe 264, H\u00f6he Wellensiek (Sparkasse) Baumart: Linde Zeit: September 2011 Foto: Jens J. Korff Weitere Fotos: WIG Dornberg Leider wurde diese sch\u00f6ne und auff\u00e4llige Linde f\u00fcr verkehrsunsicher erkl\u00e4rt und soll wahrscheinlich Anfang 2013 gef\u00e4llt werden, wenn die Stra\u00dfe dort umgestaltet wird. Anwohner vor Ort versuchen, den Baum zu verteidigen. Kontakt \u00fcber service@bund-bielefeld.de Bei einem [&hellip;]<\/p>\n","protected":false},"author":2,"featured_media":0,"comment_status":"open","ping_status":"open","sticky":false,"template":"","format":"standard","meta":[],"categories":[25],"tags":[50,53],"_links":{"self":[{"href":"https:\/\/www.bielefelder-baeume.de\/index.php?rest_route=\/wp\/v2\/posts\/712"}],"collection":[{"href":"https:\/\/www.bielefelder-baeume.de\/index.php?rest_route=\/wp\/v2\/posts"}],"about":[{"href":"https:\/\/www.bielefelder-baeume.de\/index.php?rest_route=\/wp\/v2\/types\/post"}],"author":[{"embeddable":true,"href":"https:\/\/www.bielefelder-baeume.de\/index.php?rest_route=\/wp\/v2\/users\/2"}],"replies":[{"embeddable":true,"href":"https:\/\/www.bielefelder-baeume.de\/index.php?rest_route=%2Fwp%2Fv2%2Fcomments&post=712"}],"version-history":[{"count":3,"href":"https:\/\/www.bielefelder-baeume.de\/index.php?rest_route=\/wp\/v2\/posts\/712\/revisions"}],"predecessor-version":[{"id":1533,"href":"https:\/\/www.bielefelder-baeume.de\/index.php?rest_route=\/wp\/v2\/posts\/712\/revisions\/1533"}],"wp:attachment":[{"href":"https:\/\/www.bielefelder-baeume.de\/index.php?rest_route=%2Fwp%2Fv2%2Fmedia&parent=712"}],"wp:term":[{"taxonomy":"category","embeddable":true,"href":"https:\/\/www.bielefelder-baeume.de\/index.php?rest_route=%2Fwp%2Fv2%2Fcategories&post=712"},{"taxonomy":"post_tag","embeddable":true,"href":"https:\/\/www.bielefelder-baeume.de\/index.php?rest_route=%2Fwp%2Fv2%2Ftags&post=712"}],"curies":[{"name":"wp","href":"https:\/\/api.w.org\/{rel}","templated":true}]}}