{"id":715,"date":"2012-11-26T19:35:49","date_gmt":"2012-11-26T17:35:49","guid":{"rendered":"http:\/\/www.bielefelder-baeume.de\/?p=715"},"modified":"2014-08-21T14:25:47","modified_gmt":"2014-08-21T12:25:47","slug":"eiche-am-bockstiegelplatz-in-werther-bedroht","status":"publish","type":"post","link":"https:\/\/www.bielefelder-baeume.de\/?p=715","title":{"rendered":"Eiche am B\u00f6ckstiegelplatz in Werther (bedroht!)"},"content":{"rendered":"<p>\u00a0<a href=\"http:\/\/www.bielefelder-baeume.de\/wp-content\/uploads\/2012\/11\/eiche-boeckstiegelplatz.png\" title=\"Eiche B\u00f6ckstiegelplatz Werther\"><img src=\"http:\/\/www.bielefelder-baeume.de\/wp-content\/uploads\/2012\/11\/eiche-boeckstiegelplatz.thumbnail.png\" alt=\"Eiche B\u00f6ckstiegelplatz Werther\" \/><\/a><\/p>\n<p><strong>Ort: <\/strong>Werther, B\u00f6ckstiegelplatz<br \/>\n<strong>Baumart:<\/strong> Eiche<br \/>\n<strong>Zeit: <\/strong>September 2008<br \/>\n<strong>Foto: <\/strong>Dunja\u00a0 Henkenjohann, Westfalen-Blatt<\/p>\n<p>Diese ortsbildpr\u00e4gende Eiche, die letzte einer ganzen Gruppe, die dort stand, sollte bereits im September 2008 gef\u00e4llt werden. Damals fanden sich B\u00fcrger und Anwohner zusammen, um die Eiche zu retten. Jetzt, im Herbst 2012, ist sie erneut bedroht.<\/p>\n<p><a href=\"http:\/\/www.heimatverein-werther.de\/?id=65\">Berichte des Westfalen-Blatts auf der Website des Heimatvereins Werther <\/a><\/p>\n","protected":false},"excerpt":{"rendered":"<p>\u00a0 Ort: Werther, B\u00f6ckstiegelplatz Baumart: Eiche Zeit: September 2008 Foto: Dunja\u00a0 Henkenjohann, Westfalen-Blatt Diese ortsbildpr\u00e4gende Eiche, die letzte einer ganzen Gruppe, die dort stand, sollte bereits im September 2008 gef\u00e4llt werden. Damals fanden sich B\u00fcrger und Anwohner zusammen, um die Eiche zu retten. Jetzt, im Herbst 2012, ist sie erneut bedroht. Berichte des Westfalen-Blatts auf [&hellip;]<\/p>\n","protected":false},"author":2,"featured_media":0,"comment_status":"open","ping_status":"open","sticky":false,"template":"","format":"standard","meta":[],"categories":[1],"tags":[55,47],"_links":{"self":[{"href":"https:\/\/www.bielefelder-baeume.de\/index.php?rest_route=\/wp\/v2\/posts\/715"}],"collection":[{"href":"https:\/\/www.bielefelder-baeume.de\/index.php?rest_route=\/wp\/v2\/posts"}],"about":[{"href":"https:\/\/www.bielefelder-baeume.de\/index.php?rest_route=\/wp\/v2\/types\/post"}],"author":[{"embeddable":true,"href":"https:\/\/www.bielefelder-baeume.de\/index.php?rest_route=\/wp\/v2\/users\/2"}],"replies":[{"embeddable":true,"href":"https:\/\/www.bielefelder-baeume.de\/index.php?rest_route=%2Fwp%2Fv2%2Fcomments&post=715"}],"version-history":[{"count":1,"href":"https:\/\/www.bielefelder-baeume.de\/index.php?rest_route=\/wp\/v2\/posts\/715\/revisions"}],"predecessor-version":[{"id":1065,"href":"https:\/\/www.bielefelder-baeume.de\/index.php?rest_route=\/wp\/v2\/posts\/715\/revisions\/1065"}],"wp:attachment":[{"href":"https:\/\/www.bielefelder-baeume.de\/index.php?rest_route=%2Fwp%2Fv2%2Fmedia&parent=715"}],"wp:term":[{"taxonomy":"category","embeddable":true,"href":"https:\/\/www.bielefelder-baeume.de\/index.php?rest_route=%2Fwp%2Fv2%2Fcategories&post=715"},{"taxonomy":"post_tag","embeddable":true,"href":"https:\/\/www.bielefelder-baeume.de\/index.php?rest_route=%2Fwp%2Fv2%2Ftags&post=715"}],"curies":[{"name":"wp","href":"https:\/\/api.w.org\/{rel}","templated":true}]}}