{"id":717,"date":"2013-02-22T16:45:36","date_gmt":"2013-02-22T14:45:36","guid":{"rendered":"http:\/\/www.bielefelder-baeume.de\/?p=717"},"modified":"2014-08-21T14:25:36","modified_gmt":"2014-08-21T12:25:36","slug":"linde-linnenstrase","status":"publish","type":"post","link":"https:\/\/www.bielefelder-baeume.de\/?p=717","title":{"rendered":"Linde Linnenstra\u00dfe (bedroht!)"},"content":{"rendered":"<p>\u00a0<a href=\"http:\/\/www.bielefelder-baeume.de\/wp-content\/uploads\/2013\/02\/fotos_bichler1.jpg\" title=\"Linde Linnenstr1\"><img src=\"http:\/\/www.bielefelder-baeume.de\/wp-content\/uploads\/2013\/02\/fotos_bichler1.thumbnail.jpg\" alt=\"Linde Linnenstr1\" \/><\/a>\u00a0 <a href=\"http:\/\/www.bielefelder-baeume.de\/wp-content\/uploads\/2013\/02\/fotos_bichler2_0001.jpg\" title=\"Linde Linnenstr2\"><img src=\"http:\/\/www.bielefelder-baeume.de\/wp-content\/uploads\/2013\/02\/fotos_bichler2_0001.thumbnail.jpg\" alt=\"Linde Linnenstr2\" \/><\/a>\u00a0 <a href=\"http:\/\/www.bielefelder-baeume.de\/wp-content\/uploads\/2013\/02\/fotos_bichler2_0003.jpg\" title=\"Linde Linnenstr3\"><img src=\"http:\/\/www.bielefelder-baeume.de\/wp-content\/uploads\/2013\/02\/fotos_bichler2_0003.thumbnail.jpg\" alt=\"Linde Linnenstr3\" \/><\/a><a href=\"http:\/\/www.bielefelder-baeume.de\/wp-content\/uploads\/2013\/02\/fotos_bichler1.jpg\" title=\"Linde Linnenstr1\"> <\/a><\/p>\n<p><strong>Ort:<\/strong> Linnenstra\u00dfe 164 in Ubbedissen<br \/>\n<strong>Baumart:<\/strong> <a href=\"http:\/\/de.wikipedia.org\/wiki\/Sommer-Linde\">Sommer-Linde<\/a> (Tilia platyphyllos)<br \/>\n<strong>Zeit:<\/strong> Februar 2013<br \/>\n<strong>Fotos:<\/strong> Karin Bichler<!--more--><\/p>\n<p>Karin Bichler schrieb uns am 19. Februar 2013:<\/p>\n<p>Anbei sende ich Ihnen ein paar Fotos eines Baumes, den ich sehr gerne mag und um den ich ein wenig in Sorge bin, da\u00df er gef\u00e4llt werden k\u00f6nnte, da das betreffende Grundst\u00fcck &#8230; wahrscheinlich bald an einen neuen P\u00e4chter geht. Ich habe jahrelang dort gewohnt, und die Sommerlinde ist mir ans Herz gewachsen&#8230;<\/p>\n<p>Telefonate bei &#8230; bei der Stadt Bielefeld (Umweltamt) wegen einer Ausweisung als Naturdenkmal kamen leider nie weiter als bis zum Freizeichen&#8230;<\/p>\n","protected":false},"excerpt":{"rendered":"<p>\u00a0\u00a0 \u00a0 Ort: Linnenstra\u00dfe 164 in Ubbedissen Baumart: Sommer-Linde (Tilia platyphyllos) Zeit: Februar 2013 Fotos: Karin Bichler<\/p>\n","protected":false},"author":2,"featured_media":0,"comment_status":"open","ping_status":"open","sticky":false,"template":"","format":"standard","meta":[],"categories":[29],"tags":[55,53],"_links":{"self":[{"href":"https:\/\/www.bielefelder-baeume.de\/index.php?rest_route=\/wp\/v2\/posts\/717"}],"collection":[{"href":"https:\/\/www.bielefelder-baeume.de\/index.php?rest_route=\/wp\/v2\/posts"}],"about":[{"href":"https:\/\/www.bielefelder-baeume.de\/index.php?rest_route=\/wp\/v2\/types\/post"}],"author":[{"embeddable":true,"href":"https:\/\/www.bielefelder-baeume.de\/index.php?rest_route=\/wp\/v2\/users\/2"}],"replies":[{"embeddable":true,"href":"https:\/\/www.bielefelder-baeume.de\/index.php?rest_route=%2Fwp%2Fv2%2Fcomments&post=717"}],"version-history":[{"count":1,"href":"https:\/\/www.bielefelder-baeume.de\/index.php?rest_route=\/wp\/v2\/posts\/717\/revisions"}],"predecessor-version":[{"id":1064,"href":"https:\/\/www.bielefelder-baeume.de\/index.php?rest_route=\/wp\/v2\/posts\/717\/revisions\/1064"}],"wp:attachment":[{"href":"https:\/\/www.bielefelder-baeume.de\/index.php?rest_route=%2Fwp%2Fv2%2Fmedia&parent=717"}],"wp:term":[{"taxonomy":"category","embeddable":true,"href":"https:\/\/www.bielefelder-baeume.de\/index.php?rest_route=%2Fwp%2Fv2%2Fcategories&post=717"},{"taxonomy":"post_tag","embeddable":true,"href":"https:\/\/www.bielefelder-baeume.de\/index.php?rest_route=%2Fwp%2Fv2%2Ftags&post=717"}],"curies":[{"name":"wp","href":"https:\/\/api.w.org\/{rel}","templated":true}]}}