{"id":738,"date":"2013-04-15T18:14:51","date_gmt":"2013-04-15T16:14:51","guid":{"rendered":"http:\/\/www.bielefelder-baeume.de\/?p=738"},"modified":"2021-02-01T00:46:02","modified_gmt":"2021-01-31T22:46:02","slug":"eichen-am-baderbach-gefallt","status":"publish","type":"post","link":"https:\/\/www.bielefelder-baeume.de\/?p=738","title":{"rendered":"Eichen am Baderbach in Stieghorst (gef\u00e4llt!)"},"content":{"rendered":"<p><a title=\"Eichen am Baderbach (gef\u00e4llt)\" href=\"http:\/\/www.bielefelder-baeume.de\/wp-content\/uploads\/2013\/04\/dscn1475.JPG\"><img src=\"http:\/\/www.bielefelder-baeume.de\/wp-content\/uploads\/2013\/04\/dscn1475.thumbnail.JPG\" alt=\"Eichen am Baderbach (gef\u00e4llt)\" \/><\/a><\/p>\n<p><strong>Ort:<\/strong> Baderbach-Gr\u00fcng\u00fcrtel in Stieghorst<br \/>\n<strong>Baumart:<\/strong> Eichen (eine davon gef\u00e4llt)<br \/>\n<strong>Zeit:<\/strong> April 2013<br \/>\n<strong>Foto:<\/strong> Jens J. Korff<\/p>\n","protected":false},"excerpt":{"rendered":"<p>Ort: Baderbach-Gr\u00fcng\u00fcrtel in Stieghorst Baumart: Eichen (eine davon gef\u00e4llt) Zeit: April 2013 Foto: Jens J. Korff<\/p>\n","protected":false},"author":2,"featured_media":0,"comment_status":"open","ping_status":"open","sticky":false,"template":"","format":"standard","meta":[],"categories":[37],"tags":[50,47],"_links":{"self":[{"href":"https:\/\/www.bielefelder-baeume.de\/index.php?rest_route=\/wp\/v2\/posts\/738"}],"collection":[{"href":"https:\/\/www.bielefelder-baeume.de\/index.php?rest_route=\/wp\/v2\/posts"}],"about":[{"href":"https:\/\/www.bielefelder-baeume.de\/index.php?rest_route=\/wp\/v2\/types\/post"}],"author":[{"embeddable":true,"href":"https:\/\/www.bielefelder-baeume.de\/index.php?rest_route=\/wp\/v2\/users\/2"}],"replies":[{"embeddable":true,"href":"https:\/\/www.bielefelder-baeume.de\/index.php?rest_route=%2Fwp%2Fv2%2Fcomments&post=738"}],"version-history":[{"count":3,"href":"https:\/\/www.bielefelder-baeume.de\/index.php?rest_route=\/wp\/v2\/posts\/738\/revisions"}],"predecessor-version":[{"id":2271,"href":"https:\/\/www.bielefelder-baeume.de\/index.php?rest_route=\/wp\/v2\/posts\/738\/revisions\/2271"}],"wp:attachment":[{"href":"https:\/\/www.bielefelder-baeume.de\/index.php?rest_route=%2Fwp%2Fv2%2Fmedia&parent=738"}],"wp:term":[{"taxonomy":"category","embeddable":true,"href":"https:\/\/www.bielefelder-baeume.de\/index.php?rest_route=%2Fwp%2Fv2%2Fcategories&post=738"},{"taxonomy":"post_tag","embeddable":true,"href":"https:\/\/www.bielefelder-baeume.de\/index.php?rest_route=%2Fwp%2Fv2%2Ftags&post=738"}],"curies":[{"name":"wp","href":"https:\/\/api.w.org\/{rel}","templated":true}]}}