{"id":751,"date":"2013-07-05T09:44:07","date_gmt":"2013-07-05T07:44:07","guid":{"rendered":"http:\/\/www.bielefelder-baeume.de\/?p=751"},"modified":"2014-08-21T14:21:55","modified_gmt":"2014-08-21T12:21:55","slug":"baume-radtour-am-sonntag-7-juli-2013","status":"publish","type":"post","link":"https:\/\/www.bielefelder-baeume.de\/?p=751","title":{"rendered":"B\u00e4ume-Radtour am Sonntag, 7. Juli 2013"},"content":{"rendered":"<p><strong>So, 7. Juli 2013, 10.30 Uhr: Radtour zu sch\u00f6nen B\u00e4umen in Bielefeld und Bielefeld-Ost<\/strong><\/p>\n<p class=\"MsoNormal\">Im Rahmen des <a href=\"http:\/\/www.bielefeld.de\/de\/un\/kli\/mot\/stadtradeln\/\">Bielefelder Stadtradelns<\/a> laden wir zu einer Radtour ein. Sie beginnt an der <a href=\"http:\/\/www.bielefelder-baeume.de\/?p=187\">Kastanie im Kunsthallenpark<\/a>, f\u00fchrt \u00fcber die <a href=\"http:\/\/www.bielefelder-baeume.de\/?p=533\">Friedenslinde<\/a> (Neust\u00e4dter Marienkirche, dickster Baum von Bielefeld), die <a href=\"http:\/\/www.bielefelder-baeume.de\/?p=233\">Platane am Niederwall<\/a>, die <a href=\"http:\/\/www.bielefelder-baeume.de\/?p=249\">H\u00e4ngebuche im Ravensberger Park<\/a>, die gef\u00e4hrdete <a href=\"http:\/\/www.bielefelder-baeume.de\/?p=37\">Kirschbaumallee Auf dem Langen Kampe<\/a>, die gef\u00e4hrdete <a href=\"http:\/\/www.bielefelder-baeume.de\/?p=397\">Platanenallee Ravensberger Stra\u00dfe<\/a> und weitere sch\u00f6ne B\u00e4ume im Bielefelder Osten und in Heepen. H\u00f6hepunkt wird die dicke Eiche im <a href=\"http:\/\/www.eckendorf.de\/der_park.html\">Gutspark Eckendorf <\/a>(Leopoldsh\u00f6he) sein, der dickste Baum des Kreises Lippe. <!--more-->Der Gutspark hat noch weitere sch\u00f6ne B\u00e4ume zu bieten. Gutsbesitzer Wolf von Dallwitz ist so freundlich, uns den Park zu \u00f6ffnen. Von dort aus fahren wir \u00fcber Br\u00f6nninghausen nach Oldentrup, sehen die sch\u00f6ne <a href=\"http:\/\/www.bielefelder-baeume.de\/?p=744\">Eiche von Oldentrup<\/a> (die in Wirklichkeit ganz knapp in Stieghorst steht) und k\u00f6nnen dann vom Bahnhof Oldentrup mit der Bahn zur\u00fcck zum Hauptbahnhof fahren. (Abfahrtszeiten: 13.38 Uhr und 15.38 Uhr)<\/p>\n<p class=\"MsoNormal\">Die Strecke hat etwa 17 km und ist \u00fcberwiegend flach.<\/p>\n<p class=\"MsoNormal\"><strong>R\u00fcckblick:<\/strong><\/p>\n<p>Bei der Radtour zu sch\u00f6nen B\u00e4umen im Bielefelder Osten waren \u00fcber 30 Teilnehmer. Gro\u00dfe Begeisterung \u00fcber den Gutspark Eckendorf mit seinem fantastischen alten Baumbestand und eine \u00fcber 10 m hohe Kletterrose in einer Zeder), wie auch \u00fcber andere gesehene B\u00e4ume, z. B. die sch\u00f6ne Eiche an der Oldentruper Stra\u00dfe.<\/p>\n<p>Viele freuen sich bereits auf die n\u00e4chste Radtour dieser Art.<\/p>\n","protected":false},"excerpt":{"rendered":"<p>So, 7. Juli 2013, 10.30 Uhr: Radtour zu sch\u00f6nen B\u00e4umen in Bielefeld und Bielefeld-Ost Im Rahmen des Bielefelder Stadtradelns laden wir zu einer Radtour ein. Sie beginnt an der Kastanie im Kunsthallenpark, f\u00fchrt \u00fcber die Friedenslinde (Neust\u00e4dter Marienkirche, dickster Baum von Bielefeld), die Platane am Niederwall, die H\u00e4ngebuche im Ravensberger Park, die gef\u00e4hrdete Kirschbaumallee Auf [&hellip;]<\/p>\n","protected":false},"author":2,"featured_media":0,"comment_status":"open","ping_status":"open","sticky":false,"template":"","format":"standard","meta":[],"categories":[7,9,3,27],"tags":[51],"_links":{"self":[{"href":"https:\/\/www.bielefelder-baeume.de\/index.php?rest_route=\/wp\/v2\/posts\/751"}],"collection":[{"href":"https:\/\/www.bielefelder-baeume.de\/index.php?rest_route=\/wp\/v2\/posts"}],"about":[{"href":"https:\/\/www.bielefelder-baeume.de\/index.php?rest_route=\/wp\/v2\/types\/post"}],"author":[{"embeddable":true,"href":"https:\/\/www.bielefelder-baeume.de\/index.php?rest_route=\/wp\/v2\/users\/2"}],"replies":[{"embeddable":true,"href":"https:\/\/www.bielefelder-baeume.de\/index.php?rest_route=%2Fwp%2Fv2%2Fcomments&post=751"}],"version-history":[{"count":3,"href":"https:\/\/www.bielefelder-baeume.de\/index.php?rest_route=\/wp\/v2\/posts\/751\/revisions"}],"predecessor-version":[{"id":817,"href":"https:\/\/www.bielefelder-baeume.de\/index.php?rest_route=\/wp\/v2\/posts\/751\/revisions\/817"}],"wp:attachment":[{"href":"https:\/\/www.bielefelder-baeume.de\/index.php?rest_route=%2Fwp%2Fv2%2Fmedia&parent=751"}],"wp:term":[{"taxonomy":"category","embeddable":true,"href":"https:\/\/www.bielefelder-baeume.de\/index.php?rest_route=%2Fwp%2Fv2%2Fcategories&post=751"},{"taxonomy":"post_tag","embeddable":true,"href":"https:\/\/www.bielefelder-baeume.de\/index.php?rest_route=%2Fwp%2Fv2%2Ftags&post=751"}],"curies":[{"name":"wp","href":"https:\/\/api.w.org\/{rel}","templated":true}]}}