{"id":763,"date":"2013-06-21T16:04:43","date_gmt":"2013-06-21T14:04:43","guid":{"rendered":"http:\/\/www.bielefelder-baeume.de\/?p=763"},"modified":"2014-08-21T14:22:12","modified_gmt":"2014-08-21T12:22:12","slug":"kastanie-erich-kastner-str","status":"publish","type":"post","link":"https:\/\/www.bielefelder-baeume.de\/?p=763","title":{"rendered":"Kastanie Erich-K\u00e4stner-Str."},"content":{"rendered":"<p><a href=\"http:\/\/www.bielefelder-baeume.de\/wp-content\/uploads\/2013\/06\/kastanie_erich-kaestner-str_umweltamt.JPG\" title=\"Kastanie_Heepen\"><img src=\"http:\/\/www.bielefelder-baeume.de\/wp-content\/uploads\/2013\/06\/kastanie_erich-kaestner-str_umweltamt.thumbnail.JPG\" alt=\"Kastanie_Heepen\" \/><\/a><\/p>\n<p><strong>Ort:<\/strong> Erich-K\u00e4stner-Str. 14 (N\u00e4he Heeperholz)<br \/>\n<strong>Baumart: <\/strong>Rosskastanie (140 Jahre alt, gesch\u00fctztes <a href=\"http:\/\/www.bielefeld01.de\/umn\/wms_naturdenkmale_jeder_v01.asp?layers=naturdenkmale&amp;Version=1.0.0&amp;REQUEST=feature_info&amp;srs=EPSG:25832&amp;bbox=472687,5763179,472787,5763279&amp;width=10&amp;height=10&amp;FEATURE_COUNT=30&amp;QUERY_LAYERS=naturdenkmale&amp;X=5&amp;Y=5&amp;INFO_FORMAT=text\/html\">Naturdenkmal<\/a>)<br \/>\n<strong>Zeit: <\/strong>Sept. 2006<br \/>\n<strong>Foto:<\/strong> Umweltamt der Stadt Bielefeld<\/p>\n","protected":false},"excerpt":{"rendered":"<p>Ort: Erich-K\u00e4stner-Str. 14 (N\u00e4he Heeperholz) Baumart: Rosskastanie (140 Jahre alt, gesch\u00fctztes Naturdenkmal) Zeit: Sept. 2006 Foto: Umweltamt der Stadt Bielefeld<\/p>\n","protected":false},"author":2,"featured_media":0,"comment_status":"open","ping_status":"open","sticky":false,"template":"","format":"standard","meta":[],"categories":[3],"tags":[48],"_links":{"self":[{"href":"https:\/\/www.bielefelder-baeume.de\/index.php?rest_route=\/wp\/v2\/posts\/763"}],"collection":[{"href":"https:\/\/www.bielefelder-baeume.de\/index.php?rest_route=\/wp\/v2\/posts"}],"about":[{"href":"https:\/\/www.bielefelder-baeume.de\/index.php?rest_route=\/wp\/v2\/types\/post"}],"author":[{"embeddable":true,"href":"https:\/\/www.bielefelder-baeume.de\/index.php?rest_route=\/wp\/v2\/users\/2"}],"replies":[{"embeddable":true,"href":"https:\/\/www.bielefelder-baeume.de\/index.php?rest_route=%2Fwp%2Fv2%2Fcomments&post=763"}],"version-history":[{"count":1,"href":"https:\/\/www.bielefelder-baeume.de\/index.php?rest_route=\/wp\/v2\/posts\/763\/revisions"}],"predecessor-version":[{"id":1051,"href":"https:\/\/www.bielefelder-baeume.de\/index.php?rest_route=\/wp\/v2\/posts\/763\/revisions\/1051"}],"wp:attachment":[{"href":"https:\/\/www.bielefelder-baeume.de\/index.php?rest_route=%2Fwp%2Fv2%2Fmedia&parent=763"}],"wp:term":[{"taxonomy":"category","embeddable":true,"href":"https:\/\/www.bielefelder-baeume.de\/index.php?rest_route=%2Fwp%2Fv2%2Fcategories&post=763"},{"taxonomy":"post_tag","embeddable":true,"href":"https:\/\/www.bielefelder-baeume.de\/index.php?rest_route=%2Fwp%2Fv2%2Ftags&post=763"}],"curies":[{"name":"wp","href":"https:\/\/api.w.org\/{rel}","templated":true}]}}