{"id":772,"date":"2013-07-17T14:35:55","date_gmt":"2013-07-17T12:35:55","guid":{"rendered":"http:\/\/www.bielefelder-baeume.de\/?p=772"},"modified":"2014-09-18T20:13:23","modified_gmt":"2014-09-18T18:13:23","slug":"dicke-eiche-im-gutspark-eckendorf","status":"publish","type":"post","link":"https:\/\/www.bielefelder-baeume.de\/?p=772","title":{"rendered":"Dicke Eiche im Gutspark Eckendorf"},"content":{"rendered":"<p><a title=\"Dicke Eiche Gutspark Eckendorf\" href=\"http:\/\/www.bielefelder-baeume.de\/wp-content\/uploads\/2013\/07\/20130705_172722.jpg\"><img alt=\"Dicke Eiche Gutspark Eckendorf\" src=\"http:\/\/www.bielefelder-baeume.de\/wp-content\/uploads\/2013\/07\/20130705_172722.thumbnail.jpg\" \/><\/a>\u00a0 <a title=\"20130705_172750.jpg\" href=\"http:\/\/www.bielefelder-baeume.de\/wp-content\/uploads\/2013\/07\/20130705_172750.jpg\"><img alt=\"20130705_172750.jpg\" src=\"http:\/\/www.bielefelder-baeume.de\/wp-content\/uploads\/2013\/07\/20130705_172750.thumbnail.jpg\" \/><\/a>\u00a0 <a title=\"Dicke Eiche Gutspark Eckendorf\" href=\"http:\/\/www.bielefelder-baeume.de\/wp-content\/uploads\/2013\/07\/20130705_172936.jpg\"><img alt=\"Dicke Eiche Gutspark Eckendorf\" src=\"http:\/\/www.bielefelder-baeume.de\/wp-content\/uploads\/2013\/07\/20130705_172936.thumbnail.jpg\" \/><\/a>\u00a0 <a title=\"Dicke Eiche Gutspark Eckendorf\" href=\"http:\/\/www.bielefelder-baeume.de\/wp-content\/uploads\/2013\/07\/20130705_173238.jpg\"><img alt=\"Dicke Eiche Gutspark Eckendorf\" src=\"http:\/\/www.bielefelder-baeume.de\/wp-content\/uploads\/2013\/07\/20130705_173238.thumbnail.jpg\" \/><\/a><\/p>\n<p><strong>Ort: <\/strong><a href=\"http:\/\/www.eckendorf.de\/der_park.html\">Gut Eckendorf <\/a>in Leopoldsh\u00f6he (Kreis Lippe), Bielefelder Str.<br \/>\n<strong>Baumart:<\/strong> Stiel-Eiche, rd. 300-450 Jahre alt<br \/>\n<strong>Stammumfang:<\/strong> 8,12 m<br \/>\n<strong>Zeit:<\/strong> Juli 2013<br \/>\n<strong>Fotos: <\/strong>Jens J. Korff<!--more--><\/p>\n<p>Der dickste Baum Lippes war Ziel unserer Fahrrad-Exkursion zu sch\u00f6nen B\u00e4umen im Bielefelder Osten am 7. Juli 2013. Der private Gutspark wurde um 1800 im Stil eines Landschaftsgartens angelegt, neben einem nach 1770 erbauten Rokoko-Schl\u00f6sschen mit Gr\u00e4fte. Im Park wachsen noch weitere Attraktionen f\u00fcr Baumfreunde, darunter eine gro\u00dfe alte <a href=\"http:\/\/www.bielefelder-baeume.de\/?p=785\">Flatter-Ulme<\/a>, mehrere alte Eiben, eine echte Akazie und ein gro\u00dfer Tulpenbaum.<\/p>\n<p>Unter der Eiche, die 1911 von einem Blitz getroffen wurde, \u00a0finden regelm\u00e4\u00dfig Hochzeiten statt. Ein Portr\u00e4t erschien 2009 in der <a href=\"http:\/\/www.lz.de\/home\/nachrichten_aus_lippe\/leopoldshoehe\/leopoldshoehe\/3063056_Verschwiegener_Riese.html\">Lippischen Landeszeitung<\/a>. Auch auf <a href=\"https:\/\/www.google.de\/url?sa=t&amp;rct=j&amp;q=&amp;esrc=s&amp;source=web&amp;cd=7&amp;cad=rja&amp;uact=8&amp;ved=0CD4QFjAG&amp;url=http%3A%2F%2Fwww.baumkunde.de%2Fbaumregister%2F1444-eiche_auf_gut_eckendorf%2F&amp;ei=_-H1U-aiC4rd4QSsqYDwDw&amp;usg=AFQjCNFYTw5JfVgm_wsQXmH5rbpeo1GCVg&amp;sig2=CgZSdj8GUIfi1c28fuxHIg&amp;bvm=bv.73231344,d.bGE\">baumkunde.de<\/a> ist sie verzeichnet. Laut <a href=\"https:\/\/de.wikipedia.org\/wiki\/Liste_der_dicksten_Eichen_in_Deutschland\">Wikipedia-Liste der dicksten Eichen in Deutschland<\/a> hat sie einen Stammumfang von 8,12 m und ist 300-450 Jahre alt.<\/p>\n","protected":false},"excerpt":{"rendered":"<p>\u00a0 \u00a0 \u00a0 Ort: Gut Eckendorf in Leopoldsh\u00f6he (Kreis Lippe), Bielefelder Str. Baumart: Stiel-Eiche, rd. 300-450 Jahre alt Stammumfang: 8,12 m Zeit: Juli 2013 Fotos: Jens J. Korff<\/p>\n","protected":false},"author":2,"featured_media":0,"comment_status":"open","ping_status":"open","sticky":false,"template":"","format":"standard","meta":[],"categories":[1],"tags":[47],"_links":{"self":[{"href":"https:\/\/www.bielefelder-baeume.de\/index.php?rest_route=\/wp\/v2\/posts\/772"}],"collection":[{"href":"https:\/\/www.bielefelder-baeume.de\/index.php?rest_route=\/wp\/v2\/posts"}],"about":[{"href":"https:\/\/www.bielefelder-baeume.de\/index.php?rest_route=\/wp\/v2\/types\/post"}],"author":[{"embeddable":true,"href":"https:\/\/www.bielefelder-baeume.de\/index.php?rest_route=\/wp\/v2\/users\/2"}],"replies":[{"embeddable":true,"href":"https:\/\/www.bielefelder-baeume.de\/index.php?rest_route=%2Fwp%2Fv2%2Fcomments&post=772"}],"version-history":[{"count":4,"href":"https:\/\/www.bielefelder-baeume.de\/index.php?rest_route=\/wp\/v2\/posts\/772\/revisions"}],"predecessor-version":[{"id":1176,"href":"https:\/\/www.bielefelder-baeume.de\/index.php?rest_route=\/wp\/v2\/posts\/772\/revisions\/1176"}],"wp:attachment":[{"href":"https:\/\/www.bielefelder-baeume.de\/index.php?rest_route=%2Fwp%2Fv2%2Fmedia&parent=772"}],"wp:term":[{"taxonomy":"category","embeddable":true,"href":"https:\/\/www.bielefelder-baeume.de\/index.php?rest_route=%2Fwp%2Fv2%2Fcategories&post=772"},{"taxonomy":"post_tag","embeddable":true,"href":"https:\/\/www.bielefelder-baeume.de\/index.php?rest_route=%2Fwp%2Fv2%2Ftags&post=772"}],"curies":[{"name":"wp","href":"https:\/\/api.w.org\/{rel}","templated":true}]}}