{"id":780,"date":"2013-07-17T14:50:44","date_gmt":"2013-07-17T12:50:44","guid":{"rendered":"http:\/\/www.bielefelder-baeume.de\/?p=780"},"modified":"2015-06-24T12:13:23","modified_gmt":"2015-06-24T10:13:23","slug":"lindenallee-und-linde-am-gut-niedermeyer","status":"publish","type":"post","link":"https:\/\/www.bielefelder-baeume.de\/?p=780","title":{"rendered":"Lindenallee und Linde am Gut Niedermeyer"},"content":{"rendered":"<p><a title=\"Lindenallee Hof Niedermeyer\" href=\"http:\/\/www.bielefelder-baeume.de\/wp-content\/uploads\/2013\/07\/20130706_174910.jpg\"><img alt=\"Lindenallee Hof Niedermeyer\" src=\"http:\/\/www.bielefelder-baeume.de\/wp-content\/uploads\/2013\/07\/20130706_174910.thumbnail.jpg\" \/><\/a> <a title=\"Linden Hof Niedermeyer\" href=\"http:\/\/www.bielefelder-baeume.de\/wp-content\/uploads\/2013\/07\/20130706_175434.jpg\"><img alt=\"Linden Hof Niedermeyer\" src=\"http:\/\/www.bielefelder-baeume.de\/wp-content\/uploads\/2013\/07\/20130706_175434.thumbnail.jpg\" \/><\/a> <a title=\"Linde Hof Niedermeyer\" href=\"http:\/\/www.bielefelder-baeume.de\/wp-content\/uploads\/2013\/07\/20130706_175525.jpg\"><img alt=\"Linde Hof Niedermeyer\" src=\"http:\/\/www.bielefelder-baeume.de\/wp-content\/uploads\/2013\/07\/20130706_175525.thumbnail.jpg\" \/><\/a>\u00a0 <a title=\"Linde Hof Niedermeyer\" href=\"http:\/\/www.bielefelder-baeume.de\/wp-content\/uploads\/2013\/07\/20130706_175545.jpg\"><img alt=\"Linde Hof Niedermeyer\" src=\"http:\/\/www.bielefelder-baeume.de\/wp-content\/uploads\/2013\/07\/20130706_175545.thumbnail.jpg\" \/><\/a><\/p>\n<p><strong>Ort:<\/strong> Gut Niedermeyer, Hillegosser Str. 165 (zwischen Heepen und Oldentrup)<br \/>\n<strong>Baumart:<\/strong> Linden<br \/>\n<strong>Zeit: <\/strong>Juli 2013<br \/>\n<strong>Fotos:<\/strong> Jens J. Korff<\/p>\n<p>Die Lindenallee und die gro\u00dfe Linde links im Bild sind durch den <a href=\"https:\/\/www.bielefeld.de\/de\/un\/nala\/landpl\/\">Landschaftsplan Bielefeld-Ost<\/a> als Naturdenkmale gesch\u00fctzt (Nr. 2.3-55 und 2.3-56). Die Einzellinde stand Anfang Juli in voller Bl\u00fcte und war voller Bienen. Am 7. Juli 2013 und am 14. Juni 2015 war sie Ziel unserer Fahrrad-Exkursion zu sch\u00f6nen B\u00e4umen im Bielefelder Osten. Bei unserem Besuch 2015 wurde das alte Gutsgeb\u00e4ude gerade abgerissen. Die Scheune, vor der die Linde steht, bleibt hoffentlich stehen.<\/p>\n","protected":false},"excerpt":{"rendered":"<p>\u00a0 Ort: Gut Niedermeyer, Hillegosser Str. 165 (zwischen Heepen und Oldentrup) Baumart: Linden Zeit: Juli 2013 Fotos: Jens J. Korff Die Lindenallee und die gro\u00dfe Linde links im Bild sind durch den Landschaftsplan Bielefeld-Ost als Naturdenkmale gesch\u00fctzt (Nr. 2.3-55 und 2.3-56). Die Einzellinde stand Anfang Juli in voller Bl\u00fcte und war voller Bienen. Am 7. [&hellip;]<\/p>\n","protected":false},"author":2,"featured_media":0,"comment_status":"open","ping_status":"open","sticky":false,"template":"","format":"standard","meta":[],"categories":[3,27],"tags":[53],"_links":{"self":[{"href":"https:\/\/www.bielefelder-baeume.de\/index.php?rest_route=\/wp\/v2\/posts\/780"}],"collection":[{"href":"https:\/\/www.bielefelder-baeume.de\/index.php?rest_route=\/wp\/v2\/posts"}],"about":[{"href":"https:\/\/www.bielefelder-baeume.de\/index.php?rest_route=\/wp\/v2\/types\/post"}],"author":[{"embeddable":true,"href":"https:\/\/www.bielefelder-baeume.de\/index.php?rest_route=\/wp\/v2\/users\/2"}],"replies":[{"embeddable":true,"href":"https:\/\/www.bielefelder-baeume.de\/index.php?rest_route=%2Fwp%2Fv2%2Fcomments&post=780"}],"version-history":[{"count":5,"href":"https:\/\/www.bielefelder-baeume.de\/index.php?rest_route=\/wp\/v2\/posts\/780\/revisions"}],"predecessor-version":[{"id":1410,"href":"https:\/\/www.bielefelder-baeume.de\/index.php?rest_route=\/wp\/v2\/posts\/780\/revisions\/1410"}],"wp:attachment":[{"href":"https:\/\/www.bielefelder-baeume.de\/index.php?rest_route=%2Fwp%2Fv2%2Fmedia&parent=780"}],"wp:term":[{"taxonomy":"category","embeddable":true,"href":"https:\/\/www.bielefelder-baeume.de\/index.php?rest_route=%2Fwp%2Fv2%2Fcategories&post=780"},{"taxonomy":"post_tag","embeddable":true,"href":"https:\/\/www.bielefelder-baeume.de\/index.php?rest_route=%2Fwp%2Fv2%2Ftags&post=780"}],"curies":[{"name":"wp","href":"https:\/\/api.w.org\/{rel}","templated":true}]}}