{"id":832,"date":"2013-08-28T15:36:40","date_gmt":"2013-08-28T13:36:40","guid":{"rendered":"http:\/\/www.bielefelder-baeume.de\/?p=832"},"modified":"2013-10-22T15:23:01","modified_gmt":"2013-10-22T13:23:01","slug":"silberahorn-wertherstrasse-7","status":"publish","type":"post","link":"https:\/\/www.bielefelder-baeume.de\/?p=832","title":{"rendered":"Silberahorn Wertherstra\u00dfe 7"},"content":{"rendered":"<p><a href=\"http:\/\/www.bielefelder-baeume.de\/wp-content\/uploads\/2013\/08\/Wertherstr1.jpg\"><img loading=\"lazy\" class=\"alignnone size-medium wp-image-833\" alt=\"Wertherstr1\" src=\"http:\/\/www.bielefelder-baeume.de\/wp-content\/uploads\/2013\/08\/Wertherstr1-300x200.jpg\" width=\"300\" height=\"200\" srcset=\"https:\/\/www.bielefelder-baeume.de\/wp-content\/uploads\/2013\/08\/Wertherstr1-300x200.jpg 300w, https:\/\/www.bielefelder-baeume.de\/wp-content\/uploads\/2013\/08\/Wertherstr1-130x86.jpg 130w, https:\/\/www.bielefelder-baeume.de\/wp-content\/uploads\/2013\/08\/Wertherstr1-640x428.jpg 640w, https:\/\/www.bielefelder-baeume.de\/wp-content\/uploads\/2013\/08\/Wertherstr1.jpg 800w\" sizes=\"(max-width: 300px) 100vw, 300px\" \/><\/a> <a href=\"http:\/\/www.bielefelder-baeume.de\/wp-content\/uploads\/2013\/08\/Wertherstr2.jpg\"><img loading=\"lazy\" class=\"alignnone size-medium wp-image-834\" alt=\"Wertherstr2\" src=\"http:\/\/www.bielefelder-baeume.de\/wp-content\/uploads\/2013\/08\/Wertherstr2-300x200.jpg\" width=\"300\" height=\"200\" srcset=\"https:\/\/www.bielefelder-baeume.de\/wp-content\/uploads\/2013\/08\/Wertherstr2-300x200.jpg 300w, https:\/\/www.bielefelder-baeume.de\/wp-content\/uploads\/2013\/08\/Wertherstr2-130x86.jpg 130w, https:\/\/www.bielefelder-baeume.de\/wp-content\/uploads\/2013\/08\/Wertherstr2-640x428.jpg 640w, https:\/\/www.bielefelder-baeume.de\/wp-content\/uploads\/2013\/08\/Wertherstr2.jpg 800w\" sizes=\"(max-width: 300px) 100vw, 300px\" \/><\/a><\/p>\n<p><!--more--> <a href=\"http:\/\/www.bielefelder-baeume.de\/wp-content\/uploads\/2013\/08\/Wertherstr4.jpg\"><img loading=\"lazy\" class=\"alignnone size-medium wp-image-836\" alt=\"Wertherstr4\" src=\"http:\/\/www.bielefelder-baeume.de\/wp-content\/uploads\/2013\/08\/Wertherstr4-300x200.jpg\" width=\"300\" height=\"200\" srcset=\"https:\/\/www.bielefelder-baeume.de\/wp-content\/uploads\/2013\/08\/Wertherstr4-300x200.jpg 300w, https:\/\/www.bielefelder-baeume.de\/wp-content\/uploads\/2013\/08\/Wertherstr4-130x86.jpg 130w, https:\/\/www.bielefelder-baeume.de\/wp-content\/uploads\/2013\/08\/Wertherstr4-640x428.jpg 640w, https:\/\/www.bielefelder-baeume.de\/wp-content\/uploads\/2013\/08\/Wertherstr4.jpg 800w\" sizes=\"(max-width: 300px) 100vw, 300px\" \/><\/a><\/p>\n<p><strong>Ort:<\/strong> Wertherstra\u00dfe 7<br \/>\n<strong>Baumart:<\/strong> Silberahorn (gesch\u00fctztes <a href=\"http:\/\/www.bielefeld01.de\/umn\/wms_naturdenkmale_jeder_v01.asp?layers=naturdenkmale&amp;Version=1.0.0&amp;REQUEST=feature_info&amp;srs=EPSG:25832&amp;bbox=467266,5763307,467366,5763407&amp;width=10&amp;height=10&amp;FEATURE_COUNT=30&amp;QUERY_LAYERS=naturdenkmale&amp;X=5&amp;Y=5&amp;INFO_FORMAT=text\/html\">Naturdenkmal<\/a>)<br \/>\n<strong>Zeit:<\/strong> Oktober 2006, August 2007<br \/>\n<strong>Fotos:<\/strong> Umweltamt der Stadt Bielefeld<\/p>\n<p>Sehr sch\u00f6ner, eindrucksvoller Solit\u00e4rbaum, dessen Wirkung durch die denkmalgesch\u00fctzten Backsteingeb\u00e4ude aus den 1920er Jahren besonders hervorgehoben wird<\/p>\n<p>Station im Rundgang &#8222;<a href=\"http:\/\/www.bielefelder-baeume.de\/?p=692\">Die sch\u00f6nsten B\u00e4ume von Bielefeld<\/a>&#8222;<\/p>\n","protected":false},"excerpt":{"rendered":"","protected":false},"author":2,"featured_media":0,"comment_status":"open","ping_status":"open","sticky":false,"template":"","format":"standard","meta":[],"categories":[8],"tags":[42],"_links":{"self":[{"href":"https:\/\/www.bielefelder-baeume.de\/index.php?rest_route=\/wp\/v2\/posts\/832"}],"collection":[{"href":"https:\/\/www.bielefelder-baeume.de\/index.php?rest_route=\/wp\/v2\/posts"}],"about":[{"href":"https:\/\/www.bielefelder-baeume.de\/index.php?rest_route=\/wp\/v2\/types\/post"}],"author":[{"embeddable":true,"href":"https:\/\/www.bielefelder-baeume.de\/index.php?rest_route=\/wp\/v2\/users\/2"}],"replies":[{"embeddable":true,"href":"https:\/\/www.bielefelder-baeume.de\/index.php?rest_route=%2Fwp%2Fv2%2Fcomments&post=832"}],"version-history":[{"count":5,"href":"https:\/\/www.bielefelder-baeume.de\/index.php?rest_route=\/wp\/v2\/posts\/832\/revisions"}],"predecessor-version":[{"id":888,"href":"https:\/\/www.bielefelder-baeume.de\/index.php?rest_route=\/wp\/v2\/posts\/832\/revisions\/888"}],"wp:attachment":[{"href":"https:\/\/www.bielefelder-baeume.de\/index.php?rest_route=%2Fwp%2Fv2%2Fmedia&parent=832"}],"wp:term":[{"taxonomy":"category","embeddable":true,"href":"https:\/\/www.bielefelder-baeume.de\/index.php?rest_route=%2Fwp%2Fv2%2Fcategories&post=832"},{"taxonomy":"post_tag","embeddable":true,"href":"https:\/\/www.bielefelder-baeume.de\/index.php?rest_route=%2Fwp%2Fv2%2Ftags&post=832"}],"curies":[{"name":"wp","href":"https:\/\/api.w.org\/{rel}","templated":true}]}}