{"id":919,"date":"2014-01-03T16:51:58","date_gmt":"2014-01-03T14:51:58","guid":{"rendered":"http:\/\/www.bielefelder-baeume.de\/?p=919"},"modified":"2014-08-21T14:17:23","modified_gmt":"2014-08-21T12:17:23","slug":"verstuemmelt-eiche-kurt-schumacher-strasse","status":"publish","type":"post","link":"https:\/\/www.bielefelder-baeume.de\/?p=919","title":{"rendered":"Verst\u00fcmmelt: Eiche Kurt-Schumacher-Stra\u00dfe"},"content":{"rendered":"<p><a href=\"http:\/\/www.bielefelder-baeume.de\/wp-content\/uploads\/2014\/01\/Kurt-Schumacher-Str25.jpg\"><img loading=\"lazy\" class=\"alignnone  wp-image-920\" alt=\"Eiche Kurt-Schumacher-Str.\" src=\"http:\/\/www.bielefelder-baeume.de\/wp-content\/uploads\/2014\/01\/Kurt-Schumacher-Str25-300x451.jpg\" width=\"180\" height=\"271\" srcset=\"https:\/\/www.bielefelder-baeume.de\/wp-content\/uploads\/2014\/01\/Kurt-Schumacher-Str25-300x451.jpg 300w, https:\/\/www.bielefelder-baeume.de\/wp-content\/uploads\/2014\/01\/Kurt-Schumacher-Str25-130x195.jpg 130w, https:\/\/www.bielefelder-baeume.de\/wp-content\/uploads\/2014\/01\/Kurt-Schumacher-Str25-640x962.jpg 640w, https:\/\/www.bielefelder-baeume.de\/wp-content\/uploads\/2014\/01\/Kurt-Schumacher-Str25.jpg 1000w\" sizes=\"(max-width: 180px) 100vw, 180px\" \/><\/a><\/p>\n<p><strong>Ort:<\/strong> Kurt-Schumacher-Stra\u00dfe 25, am Supermarkt (N\u00e4he B\u00fcltmannshof)<br \/>\n<strong>Baumart:<\/strong> Stiel-Eiche<br \/>\n<strong>Zeit:<\/strong> August 2013<br \/>\n<strong>Foto:<\/strong> Werner Bode<!--more--><\/p>\n<p>Die Eiche steht auf der Lagerfl\u00e4che eines Lebensmittelmarkts, der zur Fu\u00dfg\u00e4ngerzone B\u00fcltmannhof seine Front macht, und sieht\u00a0schon seit dem Fr\u00fchjahr sehr traurig aus.\u00a0 Anscheinend hatte man Bedenken, den Baum ganz zu f\u00e4llen, statt dessen hat man ihn verst\u00fcmmelt. Ein Beispiel f\u00fcr den leider oft achtlosen Umgang mit B\u00e4umen in Bielefeld.<\/p>\n","protected":false},"excerpt":{"rendered":"<p>Ort: Kurt-Schumacher-Stra\u00dfe 25, am Supermarkt (N\u00e4he B\u00fcltmannshof) Baumart: Stiel-Eiche Zeit: August 2013 Foto: Werner Bode<\/p>\n","protected":false},"author":2,"featured_media":0,"comment_status":"open","ping_status":"open","sticky":false,"template":"","format":"standard","meta":[],"categories":[21],"tags":[50,47],"_links":{"self":[{"href":"https:\/\/www.bielefelder-baeume.de\/index.php?rest_route=\/wp\/v2\/posts\/919"}],"collection":[{"href":"https:\/\/www.bielefelder-baeume.de\/index.php?rest_route=\/wp\/v2\/posts"}],"about":[{"href":"https:\/\/www.bielefelder-baeume.de\/index.php?rest_route=\/wp\/v2\/types\/post"}],"author":[{"embeddable":true,"href":"https:\/\/www.bielefelder-baeume.de\/index.php?rest_route=\/wp\/v2\/users\/2"}],"replies":[{"embeddable":true,"href":"https:\/\/www.bielefelder-baeume.de\/index.php?rest_route=%2Fwp%2Fv2%2Fcomments&post=919"}],"version-history":[{"count":1,"href":"https:\/\/www.bielefelder-baeume.de\/index.php?rest_route=\/wp\/v2\/posts\/919\/revisions"}],"predecessor-version":[{"id":921,"href":"https:\/\/www.bielefelder-baeume.de\/index.php?rest_route=\/wp\/v2\/posts\/919\/revisions\/921"}],"wp:attachment":[{"href":"https:\/\/www.bielefelder-baeume.de\/index.php?rest_route=%2Fwp%2Fv2%2Fmedia&parent=919"}],"wp:term":[{"taxonomy":"category","embeddable":true,"href":"https:\/\/www.bielefelder-baeume.de\/index.php?rest_route=%2Fwp%2Fv2%2Fcategories&post=919"},{"taxonomy":"post_tag","embeddable":true,"href":"https:\/\/www.bielefelder-baeume.de\/index.php?rest_route=%2Fwp%2Fv2%2Ftags&post=919"}],"curies":[{"name":"wp","href":"https:\/\/api.w.org\/{rel}","templated":true}]}}